{"id":25,"date":"2010-02-01T12:00:00","date_gmt":"2010-02-01T15:00:00","guid":{"rendered":"http:\/\/actiongroup.com.ar\/?p=25"},"modified":"2011-07-27T19:54:42","modified_gmt":"2011-07-27T22:54:42","slug":"planes-de-carrera-y-reinsercion-laboral","status":"publish","type":"post","link":"https:\/\/actiongroup.com.ar\/en\/planes-de-carrera-y-reinsercion-laboral\/","title":{"rendered":"Career Plans and Job Reintegration"},"content":{"rendered":"<h3>It allows us<\/h3>\n<p>Provide participants with the various tools they need to define their workspace based on their own skills, desires, values, and expectations so that it aligns with their life plan.<\/p>\n<h3>Our Programs<\/h3>\n<ul>\n<li><strong>Junior Career Planning <\/strong>for the construction of an occupational life project<\/li>\n<li><strong>Alumni Career Planning<\/strong> oriented towards university professional projection<\/li>\n<li><strong>Senior Career Planning <\/strong>for the reorientation of the career already started.<\/li>\n<\/ul>\n<p>These programs can be carried out individually or in groups.<\/p>\n<h3>Benefits<\/h3>\n<ul>\n<li>Modern self-administered assessment techniques<\/li>\n<li>Interdisciplinary team with extensive experience and knowledge of the labor market.<\/li>\n<li>Recognition of individual potential to develop new career horizons or transform current situations.<\/li>\n<li>Personalized follow-up of candidates at each stage.<\/li>\n<li>Attention to family problems<\/li>\n<li>Developing employability skills at career turning points.<\/li>\n<li>Social and educational service that responds to a genuine need in the community.<\/li>\n<li>Link between Universities and the Labor Market.<\/li>\n<li>We work from different areas of the community:\n<ul>\n<li>Universities<\/li>\n<li>Professional Associations<\/li>\n<li>Companies<\/li>\n<\/ul>\n<\/li>\n<\/ul>","protected":false},"excerpt":{"rendered":"<p>Provide participants with the various tools they need to define their workspace based on their own skills, desires, values, and expectations so that it aligns with their life plan.<\/p>","protected":false},"author":2,"featured_media":49,"comment_status":"closed","ping_status":"closed","sticky":false,"template":"","format":"standard","meta":{"_acf_changed":false,"_crdt_document":"","footnotes":""},"categories":[169],"tags":[],"class_list":["post-25","post","type-post","status-publish","format-standard","has-post-thumbnail","hentry","category-desarrollo-integral-del-area-de-recursos-humanos"],"acf":[],"yoast_head":"<!-- This site is optimized with the Yoast SEO plugin v27.5 - https:\/\/yoast.com\/product\/yoast-seo-wordpress\/ -->\n<title>Planes de Carrera y Reinserci\u00f3n Laboral - Action Group, Education &amp; Consulting<\/title>\n<meta name=\"description\" content=\"Aportar a los participantes las diferentes herramientas necesarias para definir su espacio laboral en base a las propias competencias, deseos, valores y expectativas para que el mismo est\u00e9 alineado con su proyecto de vida.\" \/>\n<meta name=\"robots\" content=\"index, follow, max-snippet:-1, max-image-preview:large, max-video-preview:-1\" \/>\n<link rel=\"canonical\" href=\"https:\/\/actiongroup.com.ar\/en\/planes-de-carrera-y-reinsercion-laboral\/\" \/>\n<meta property=\"og:locale\" content=\"en_US\" \/>\n<meta property=\"og:type\" content=\"article\" \/>\n<meta property=\"og:title\" content=\"Planes de Carrera y Reinserci\u00f3n Laboral - Action Group, Education &amp; Consulting\" \/>\n<meta property=\"og:description\" content=\"Aportar a los participantes las diferentes herramientas necesarias para definir su espacio laboral en base a las propias competencias, deseos, valores y expectativas para que el mismo est\u00e9 alineado con su proyecto de vida.\" \/>\n<meta property=\"og:url\" content=\"https:\/\/actiongroup.com.ar\/en\/planes-de-carrera-y-reinsercion-laboral\/\" \/>\n<meta property=\"og:site_name\" content=\"Action Group, Education &amp; Consulting\" \/>\n<meta property=\"article:publisher\" content=\"https:\/\/web.facebook.com\/ActionGroup\/?ref=ts&amp;amp%3bamp%3bamp%3bfref=ts\" \/>\n<meta property=\"article:published_time\" content=\"2010-02-01T15:00:00+00:00\" \/>\n<meta property=\"article:modified_time\" content=\"2011-07-27T22:54:42+00:00\" \/>\n<meta property=\"og:image\" content=\"https:\/\/actiongroup.com.ar\/wp-content\/uploads\/2010\/12\/Reinserci\u00f3n-Laboral.jpg\" \/>\n\t<meta property=\"og:image:width\" content=\"705\" \/>\n\t<meta property=\"og:image:height\" content=\"486\" \/>\n\t<meta property=\"og:image:type\" content=\"image\/jpeg\" \/>\n<meta name=\"author\" content=\"Lic. Magdalena Busso\" \/>\n<meta name=\"twitter:card\" content=\"summary_large_image\" \/>\n<meta name=\"twitter:creator\" content=\"@actiongroup_ar\" \/>\n<meta name=\"twitter:site\" content=\"@actiongroup_ar\" \/>\n<meta name=\"twitter:label1\" content=\"Written by\" \/>\n\t<meta name=\"twitter:data1\" content=\"Lic. Magdalena Busso\" \/>\n\t<meta name=\"twitter:label2\" content=\"Est. reading time\" \/>\n\t<meta name=\"twitter:data2\" content=\"1 minute\" \/>\n<script type=\"application\/ld+json\" class=\"yoast-schema-graph\">{\"@context\":\"https:\\\/\\\/schema.org\",\"@graph\":[{\"@type\":\"Article\",\"@id\":\"https:\\\/\\\/actiongroup.com.ar\\\/planes-de-carrera-y-reinsercion-laboral\\\/#article\",\"isPartOf\":{\"@id\":\"https:\\\/\\\/actiongroup.com.ar\\\/planes-de-carrera-y-reinsercion-laboral\\\/\"},\"author\":{\"name\":\"Lic. Magdalena Busso\",\"@id\":\"https:\\\/\\\/actiongroup.com.ar\\\/#\\\/schema\\\/person\\\/4d7d4ea239d54bc1d3a1f9b29fff1364\"},\"headline\":\"Planes de Carrera y Reinserci\u00f3n Laboral\",\"datePublished\":\"2010-02-01T15:00:00+00:00\",\"dateModified\":\"2011-07-27T22:54:42+00:00\",\"mainEntityOfPage\":{\"@id\":\"https:\\\/\\\/actiongroup.com.ar\\\/planes-de-carrera-y-reinsercion-laboral\\\/\"},\"wordCount\":195,\"publisher\":{\"@id\":\"https:\\\/\\\/actiongroup.com.ar\\\/#organization\"},\"image\":{\"@id\":\"https:\\\/\\\/actiongroup.com.ar\\\/planes-de-carrera-y-reinsercion-laboral\\\/#primaryimage\"},\"thumbnailUrl\":\"https:\\\/\\\/actiongroup.com.ar\\\/wp-content\\\/uploads\\\/2010\\\/12\\\/Reinserci\u00f3n-Laboral.jpg\",\"articleSection\":[\"Desarrollo Integral del \u00c1rea de Recursos Humanos\"],\"inLanguage\":\"en-US\"},{\"@type\":\"WebPage\",\"@id\":\"https:\\\/\\\/actiongroup.com.ar\\\/planes-de-carrera-y-reinsercion-laboral\\\/\",\"url\":\"https:\\\/\\\/actiongroup.com.ar\\\/planes-de-carrera-y-reinsercion-laboral\\\/\",\"name\":\"Planes de Carrera y Reinserci\u00f3n Laboral - Action Group, Education &amp; Consulting\",\"isPartOf\":{\"@id\":\"https:\\\/\\\/actiongroup.com.ar\\\/#website\"},\"primaryImageOfPage\":{\"@id\":\"https:\\\/\\\/actiongroup.com.ar\\\/planes-de-carrera-y-reinsercion-laboral\\\/#primaryimage\"},\"image\":{\"@id\":\"https:\\\/\\\/actiongroup.com.ar\\\/planes-de-carrera-y-reinsercion-laboral\\\/#primaryimage\"},\"thumbnailUrl\":\"https:\\\/\\\/actiongroup.com.ar\\\/wp-content\\\/uploads\\\/2010\\\/12\\\/Reinserci\u00f3n-Laboral.jpg\",\"datePublished\":\"2010-02-01T15:00:00+00:00\",\"dateModified\":\"2011-07-27T22:54:42+00:00\",\"description\":\"Aportar a los participantes las diferentes herramientas necesarias para definir su espacio laboral en base a las propias competencias, deseos, valores y expectativas para que el mismo est\u00e9 alineado con su proyecto de vida.\",\"breadcrumb\":{\"@id\":\"https:\\\/\\\/actiongroup.com.ar\\\/planes-de-carrera-y-reinsercion-laboral\\\/#breadcrumb\"},\"inLanguage\":\"en-US\",\"potentialAction\":[{\"@type\":\"ReadAction\",\"target\":[\"https:\\\/\\\/actiongroup.com.ar\\\/planes-de-carrera-y-reinsercion-laboral\\\/\"]}]},{\"@type\":\"ImageObject\",\"inLanguage\":\"en-US\",\"@id\":\"https:\\\/\\\/actiongroup.com.ar\\\/planes-de-carrera-y-reinsercion-laboral\\\/#primaryimage\",\"url\":\"https:\\\/\\\/actiongroup.com.ar\\\/wp-content\\\/uploads\\\/2010\\\/12\\\/Reinserci\u00f3n-Laboral.jpg\",\"contentUrl\":\"https:\\\/\\\/actiongroup.com.ar\\\/wp-content\\\/uploads\\\/2010\\\/12\\\/Reinserci\u00f3n-Laboral.jpg\",\"width\":705,\"height\":486},{\"@type\":\"BreadcrumbList\",\"@id\":\"https:\\\/\\\/actiongroup.com.ar\\\/planes-de-carrera-y-reinsercion-laboral\\\/#breadcrumb\",\"itemListElement\":[{\"@type\":\"ListItem\",\"position\":1,\"name\":\"Home\",\"item\":\"https:\\\/\\\/actiongroup.com.ar\\\/\"},{\"@type\":\"ListItem\",\"position\":2,\"name\":\"Planes de Carrera y Reinserci\u00f3n Laboral\"}]},{\"@type\":\"WebSite\",\"@id\":\"https:\\\/\\\/actiongroup.com.ar\\\/#website\",\"url\":\"https:\\\/\\\/actiongroup.com.ar\\\/\",\"name\":\"Action Group, Education &amp; Consulting\",\"description\":\"Desarrollo Organizacional, Excelencia Operacional, RRHH y Selecci\u00f3n\",\"publisher\":{\"@id\":\"https:\\\/\\\/actiongroup.com.ar\\\/#organization\"},\"potentialAction\":[{\"@type\":\"SearchAction\",\"target\":{\"@type\":\"EntryPoint\",\"urlTemplate\":\"https:\\\/\\\/actiongroup.com.ar\\\/?s={search_term_string}\"},\"query-input\":{\"@type\":\"PropertyValueSpecification\",\"valueRequired\":true,\"valueName\":\"search_term_string\"}}],\"inLanguage\":\"en-US\"},{\"@type\":\"Organization\",\"@id\":\"https:\\\/\\\/actiongroup.com.ar\\\/#organization\",\"name\":\"Action Group, Education & Consulting\",\"url\":\"https:\\\/\\\/actiongroup.com.ar\\\/\",\"logo\":{\"@type\":\"ImageObject\",\"inLanguage\":\"en-US\",\"@id\":\"https:\\\/\\\/actiongroup.com.ar\\\/#\\\/schema\\\/logo\\\/image\\\/\",\"url\":\"https:\\\/\\\/i1.wp.com\\\/www.actiongroup.com.ar\\\/wp-content\\\/uploads\\\/2016\\\/10\\\/logo.png?fit=342%2C69\",\"contentUrl\":\"https:\\\/\\\/i1.wp.com\\\/www.actiongroup.com.ar\\\/wp-content\\\/uploads\\\/2016\\\/10\\\/logo.png?fit=342%2C69\",\"width\":342,\"height\":69,\"caption\":\"Action Group, Education & Consulting\"},\"image\":{\"@id\":\"https:\\\/\\\/actiongroup.com.ar\\\/#\\\/schema\\\/logo\\\/image\\\/\"},\"sameAs\":[\"https:\\\/\\\/web.facebook.com\\\/ActionGroup\\\/?ref=ts&amp;amp;amp;fref=ts\",\"https:\\\/\\\/x.com\\\/actiongroup_ar\",\"https:\\\/\\\/ar.linkedin.com\\\/in\\\/ra\u00fal-a-perez-verzini-b5213b1\\\/es\"]},{\"@type\":\"Person\",\"@id\":\"https:\\\/\\\/actiongroup.com.ar\\\/#\\\/schema\\\/person\\\/4d7d4ea239d54bc1d3a1f9b29fff1364\",\"name\":\"Lic. Magdalena Busso\",\"image\":{\"@type\":\"ImageObject\",\"inLanguage\":\"en-US\",\"@id\":\"https:\\\/\\\/secure.gravatar.com\\\/avatar\\\/70bc8810bc89ae45cffcfd4a0bb1b1acf7022e591794395e326f78928cc6ae24?s=96&d=mm&r=g\",\"url\":\"https:\\\/\\\/secure.gravatar.com\\\/avatar\\\/70bc8810bc89ae45cffcfd4a0bb1b1acf7022e591794395e326f78928cc6ae24?s=96&d=mm&r=g\",\"contentUrl\":\"https:\\\/\\\/secure.gravatar.com\\\/avatar\\\/70bc8810bc89ae45cffcfd4a0bb1b1acf7022e591794395e326f78928cc6ae24?s=96&d=mm&r=g\",\"caption\":\"Lic. Magdalena Busso\"},\"description\":\"Es Licenciada en Comunicaci\u00f3n Social con orientaci\u00f3n en Comunicaci\u00f3n Institucional de la Escuela de Ciencias de la Informaci\u00f3n de la Universidad Nacional de C\u00f3rdoba. Es Licenciada en Recursos Humanos por el Instituto Universitario Aeron\u00e1utico. Posee un postgrado en Psicodiagn\u00f3stico. Especializada en Entrevistas y Selecci\u00f3n de Personal, trabaj\u00f3 tambi\u00e9n en Manager S.A, Consultora de personal donde realiz\u00f3 administraci\u00f3n de base de datos, entrevistas telef\u00f3nicas, pagos de sueldos, etc. Es Consultora Asociada de Action Group, Education &amp; Consulting. Sus hobbies son\",\"url\":\"https:\\\/\\\/actiongroup.com.ar\\\/en\\\/author\\\/magdalena\\\/\"}]}<\/script>\n<!-- \/ Yoast SEO plugin. -->","yoast_head_json":{"title":"Career and Job Reintegration Plans - Action Group, Education &amp; Consulting","description":"Provide participants with the various tools they need to define their workspace based on their own skills, desires, values, and expectations so that it aligns with their life plan.","robots":{"index":"index","follow":"follow","max-snippet":"max-snippet:-1","max-image-preview":"max-image-preview:large","max-video-preview":"max-video-preview:-1"},"canonical":"https:\/\/actiongroup.com.ar\/en\/planes-de-carrera-y-reinsercion-laboral\/","og_locale":"en_US","og_type":"article","og_title":"Planes de Carrera y Reinserci\u00f3n Laboral - Action Group, Education &amp; Consulting","og_description":"Aportar a los participantes las diferentes herramientas necesarias para definir su espacio laboral en base a las propias competencias, deseos, valores y expectativas para que el mismo est\u00e9 alineado con su proyecto de vida.","og_url":"https:\/\/actiongroup.com.ar\/en\/planes-de-carrera-y-reinsercion-laboral\/","og_site_name":"Action Group, Education &amp; Consulting","article_publisher":"https:\/\/web.facebook.com\/ActionGroup\/?ref=ts&amp%3bamp%3bamp%3bfref=ts","article_published_time":"2010-02-01T15:00:00+00:00","article_modified_time":"2011-07-27T22:54:42+00:00","og_image":[{"width":705,"height":486,"url":"https:\/\/actiongroup.com.ar\/wp-content\/uploads\/2010\/12\/Reinserci\u00f3n-Laboral.jpg","type":"image\/jpeg"}],"author":"Lic. Magdalena Busso","twitter_card":"summary_large_image","twitter_creator":"@actiongroup_ar","twitter_site":"@actiongroup_ar","twitter_misc":{"Written by":"Lic. Magdalena Busso","Est. reading time":"1 minute"},"schema":{"@context":"https:\/\/schema.org","@graph":[{"@type":"Article","@id":"https:\/\/actiongroup.com.ar\/planes-de-carrera-y-reinsercion-laboral\/#article","isPartOf":{"@id":"https:\/\/actiongroup.com.ar\/planes-de-carrera-y-reinsercion-laboral\/"},"author":{"name":"Lic. Magdalena Busso","@id":"https:\/\/actiongroup.com.ar\/#\/schema\/person\/4d7d4ea239d54bc1d3a1f9b29fff1364"},"headline":"Planes de Carrera y Reinserci\u00f3n Laboral","datePublished":"2010-02-01T15:00:00+00:00","dateModified":"2011-07-27T22:54:42+00:00","mainEntityOfPage":{"@id":"https:\/\/actiongroup.com.ar\/planes-de-carrera-y-reinsercion-laboral\/"},"wordCount":195,"publisher":{"@id":"https:\/\/actiongroup.com.ar\/#organization"},"image":{"@id":"https:\/\/actiongroup.com.ar\/planes-de-carrera-y-reinsercion-laboral\/#primaryimage"},"thumbnailUrl":"https:\/\/actiongroup.com.ar\/wp-content\/uploads\/2010\/12\/Reinserci\u00f3n-Laboral.jpg","articleSection":["Desarrollo Integral del \u00c1rea de Recursos Humanos"],"inLanguage":"en-US"},{"@type":"WebPage","@id":"https:\/\/actiongroup.com.ar\/planes-de-carrera-y-reinsercion-laboral\/","url":"https:\/\/actiongroup.com.ar\/planes-de-carrera-y-reinsercion-laboral\/","name":"Career and Job Reintegration Plans - Action Group, Education &amp; Consulting","isPartOf":{"@id":"https:\/\/actiongroup.com.ar\/#website"},"primaryImageOfPage":{"@id":"https:\/\/actiongroup.com.ar\/planes-de-carrera-y-reinsercion-laboral\/#primaryimage"},"image":{"@id":"https:\/\/actiongroup.com.ar\/planes-de-carrera-y-reinsercion-laboral\/#primaryimage"},"thumbnailUrl":"https:\/\/actiongroup.com.ar\/wp-content\/uploads\/2010\/12\/Reinserci\u00f3n-Laboral.jpg","datePublished":"2010-02-01T15:00:00+00:00","dateModified":"2011-07-27T22:54:42+00:00","description":"Provide participants with the various tools they need to define their workspace based on their own skills, desires, values, and expectations so that it aligns with their life plan.","breadcrumb":{"@id":"https:\/\/actiongroup.com.ar\/planes-de-carrera-y-reinsercion-laboral\/#breadcrumb"},"inLanguage":"en-US","potentialAction":[{"@type":"ReadAction","target":["https:\/\/actiongroup.com.ar\/planes-de-carrera-y-reinsercion-laboral\/"]}]},{"@type":"ImageObject","inLanguage":"en-US","@id":"https:\/\/actiongroup.com.ar\/planes-de-carrera-y-reinsercion-laboral\/#primaryimage","url":"https:\/\/actiongroup.com.ar\/wp-content\/uploads\/2010\/12\/Reinserci\u00f3n-Laboral.jpg","contentUrl":"https:\/\/actiongroup.com.ar\/wp-content\/uploads\/2010\/12\/Reinserci\u00f3n-Laboral.jpg","width":705,"height":486},{"@type":"BreadcrumbList","@id":"https:\/\/actiongroup.com.ar\/planes-de-carrera-y-reinsercion-laboral\/#breadcrumb","itemListElement":[{"@type":"ListItem","position":1,"name":"Home","item":"https:\/\/actiongroup.com.ar\/"},{"@type":"ListItem","position":2,"name":"Planes de Carrera y Reinserci\u00f3n Laboral"}]},{"@type":"WebSite","@id":"https:\/\/actiongroup.com.ar\/#website","url":"https:\/\/actiongroup.com.ar\/","name":"Action Group, Education &amp; Consulting","description":"Organizational Development, Operational Excellence, HR and Selection","publisher":{"@id":"https:\/\/actiongroup.com.ar\/#organization"},"potentialAction":[{"@type":"SearchAction","target":{"@type":"EntryPoint","urlTemplate":"https:\/\/actiongroup.com.ar\/?s={search_term_string}"},"query-input":{"@type":"PropertyValueSpecification","valueRequired":true,"valueName":"search_term_string"}}],"inLanguage":"en-US"},{"@type":"Organization","@id":"https:\/\/actiongroup.com.ar\/#organization","name":"Action Group, Education &amp; Consulting","url":"https:\/\/actiongroup.com.ar\/","logo":{"@type":"ImageObject","inLanguage":"en-US","@id":"https:\/\/actiongroup.com.ar\/#\/schema\/logo\/image\/","url":"https:\/\/i1.wp.com\/www.actiongroup.com.ar\/wp-content\/uploads\/2016\/10\/logo.png?fit=342%2C69","contentUrl":"https:\/\/i1.wp.com\/www.actiongroup.com.ar\/wp-content\/uploads\/2016\/10\/logo.png?fit=342%2C69","width":342,"height":69,"caption":"Action Group, Education & Consulting"},"image":{"@id":"https:\/\/actiongroup.com.ar\/#\/schema\/logo\/image\/"},"sameAs":["https:\/\/web.facebook.com\/ActionGroup\/?ref=ts&amp;amp;amp;fref=ts","https:\/\/x.com\/actiongroup_ar","https:\/\/ar.linkedin.com\/in\/ra\u00fal-a-perez-verzini-b5213b1\/es"]},{"@type":"Person","@id":"https:\/\/actiongroup.com.ar\/#\/schema\/person\/4d7d4ea239d54bc1d3a1f9b29fff1364","name":"Lic. Magdalena Busso","image":{"@type":"ImageObject","inLanguage":"en-US","@id":"https:\/\/secure.gravatar.com\/avatar\/70bc8810bc89ae45cffcfd4a0bb1b1acf7022e591794395e326f78928cc6ae24?s=96&d=mm&r=g","url":"https:\/\/secure.gravatar.com\/avatar\/70bc8810bc89ae45cffcfd4a0bb1b1acf7022e591794395e326f78928cc6ae24?s=96&d=mm&r=g","contentUrl":"https:\/\/secure.gravatar.com\/avatar\/70bc8810bc89ae45cffcfd4a0bb1b1acf7022e591794395e326f78928cc6ae24?s=96&d=mm&r=g","caption":"Lic. Magdalena Busso"},"description":"She holds a degree in Social Communication with a focus on Institutional Communication from the School of Information Sciences at the National University of C\u00f3rdoba. She holds a degree in Human Resources from the Aeronautical University Institute. She holds a postgraduate degree in Psychodiagnosis. Specializing in Personnel Interviews and Selection, she also worked at Manager SA, a personnel consulting firm, where she managed databases, conducted telephone interviews, and conducted salary payments. She is an Associate Consultant at Action Group, Education &amp; Consulting. Her hobbies include:","url":"https:\/\/actiongroup.com.ar\/en\/author\/magdalena\/"}]}},"publishpress_future_action":{"enabled":false,"date":"2026-05-08 09:12:26","action":"change-status","newStatus":"draft","terms":[],"taxonomy":"category","extraData":[]},"publishpress_future_workflow_manual_trigger":{"enabledWorkflows":[]},"_links":{"self":[{"href":"https:\/\/actiongroup.com.ar\/en\/wp-json\/wp\/v2\/posts\/25","targetHints":{"allow":["GET"]}}],"collection":[{"href":"https:\/\/actiongroup.com.ar\/en\/wp-json\/wp\/v2\/posts"}],"about":[{"href":"https:\/\/actiongroup.com.ar\/en\/wp-json\/wp\/v2\/types\/post"}],"author":[{"embeddable":true,"href":"https:\/\/actiongroup.com.ar\/en\/wp-json\/wp\/v2\/users\/2"}],"replies":[{"embeddable":true,"href":"https:\/\/actiongroup.com.ar\/en\/wp-json\/wp\/v2\/comments?post=25"}],"version-history":[{"count":0,"href":"https:\/\/actiongroup.com.ar\/en\/wp-json\/wp\/v2\/posts\/25\/revisions"}],"wp:featuredmedia":[{"embeddable":true,"href":"https:\/\/actiongroup.com.ar\/en\/wp-json\/wp\/v2\/media\/49"}],"wp:attachment":[{"href":"https:\/\/actiongroup.com.ar\/en\/wp-json\/wp\/v2\/media?parent=25"}],"wp:term":[{"taxonomy":"category","embeddable":true,"href":"https:\/\/actiongroup.com.ar\/en\/wp-json\/wp\/v2\/categories?post=25"},{"taxonomy":"post_tag","embeddable":true,"href":"https:\/\/actiongroup.com.ar\/en\/wp-json\/wp\/v2\/tags?post=25"}],"curies":[{"name":"wp","href":"https:\/\/api.w.org\/{rel}","templated":true}]}}