{"id":3539,"date":"2019-02-27T23:03:50","date_gmt":"2019-02-28T02:03:50","guid":{"rendered":"http:\/\/actiongroup.com.ar\/?p=3539"},"modified":"2019-02-27T23:03:50","modified_gmt":"2019-02-28T02:03:50","slug":"cuando-el-clima-se-pone-tenso","status":"publish","type":"post","link":"https:\/\/actiongroup.com.ar\/en\/cuando-el-clima-se-pone-tenso\/","title":{"rendered":"When the weather gets tense"},"content":{"rendered":"<p>The tensions of the context, individual concerns about salary and job continuity, decisions companies make in pursuit of greater efficiency and lower costs, or even the difficulty of financially sustaining a structure, all have direct effects on individuals and the work teams they comprise.<\/p>\n<h3>Paradigms versus reality<\/h3>\n<p>It&#039;s common to find a line of reasoning at the decision-making level of companies that isn&#039;t subsequently verified in practice: a person who remains in their position in a difficult situation will likely redouble their efforts to improve, to show themselves employable and competitive.<\/p>\n<p>However, everyday life is beginning to reveal something else: interpersonal tensions where none existed before, impulsive reactions, a decline in productivity, increased absenteeism, a rise in stress-related illnesses, and even a state of certain paralysis.<\/p>\n<p><a href=\"http:\/\/actiongroup.com.ar\/wp-content\/uploads\/2019\/02\/crisis-clima-organizacional-despidos.jpg\"><img loading=\"lazy\" decoding=\"async\" class=\"aligncenter wp-image-3541 size-large\" title=\"The tensions of the context, individual concerns about salary and job continuity.\" src=\"http:\/\/actiongroup.com.ar\/wp-content\/uploads\/2019\/02\/crisis-clima-organizacional-despidos-1024x838.jpg\" alt=\"\" width=\"1024\" height=\"838\" srcset=\"https:\/\/actiongroup.com.ar\/wp-content\/uploads\/2019\/02\/crisis-clima-organizacional-despidos-1024x838.jpg 1024w, https:\/\/actiongroup.com.ar\/wp-content\/uploads\/2019\/02\/crisis-clima-organizacional-despidos-1536x1256.jpg 1536w, https:\/\/actiongroup.com.ar\/wp-content\/uploads\/2019\/02\/crisis-clima-organizacional-despidos-300x245.jpg 300w, https:\/\/actiongroup.com.ar\/wp-content\/uploads\/2019\/02\/crisis-clima-organizacional-despidos-768x628.jpg 768w, https:\/\/actiongroup.com.ar\/wp-content\/uploads\/2019\/02\/crisis-clima-organizacional-despidos.jpg 2000w\" sizes=\"auto, (max-width: 1024px) 100vw, 1024px\" \/><\/a><\/p>\n<h3>And why?<\/h3>\n<p>Basically, because uncertainty is exhausting, and worse if it&#039;s poorly (or not at all) contained. Because there are so many unanswered questions (when is it my turn?). Because there&#039;s the same or more workload and fewer people. The structure creaks. Processes become disorganized. Even if there was some oversizing before, adjusting the workload isn&#039;t as simple or automatic as it seems.<\/p>\n<p>In the worst case, there is what we call <em>Survivor Syndrome<\/em>: an emotion that is sometimes vague and another that is more concrete, related to guilt: why did someone else leave and not me?<\/p>\n<h3>Is there anything to do?<\/h3>\n<p>Yes. There are always things to do.<\/p>\n<p>It&#039;s necessary to examine and diagnose: those who &quot;explode&quot; and need support, those who get sick and tell us something about it, those who are overwhelmed by new burdens.<\/p>\n<p>From there, we need to learn to address the situation and eliminate that big elephant sitting in the middle of everything, about which no one directly says anything. In times when &quot;radio hallways&quot; are playing at full volume, with silence we are emptying that communication space and allowing it to be filled with anything (truth or lies, without distinction). We need to manage, take ownership, accompany, and contain. In silence, none of this is possible.<\/p>\n<p>Finally, we must return to <a href=\"http:\/\/actiongroup.com.ar\/en\/diagnostico-organizacional\/\">think processes<\/a> and tasks, redesign, test, evaluate and return.<\/p>\n<h3>To think about<\/h3>\n<p>These cycles reveal the company&#039;s trust capital. The greater this value, the better the results of containment-oriented actions. Otherwise, it will be time to review what has been done so far: the lack of transparency will be paid for with deeper and more difficult-to-manage uncertainties.<\/p>\n<p>&nbsp;<\/p>","protected":false},"excerpt":{"rendered":"<p>The tensions of the context, individual concerns about salary... <\/p>","protected":false},"author":3,"featured_media":3541,"comment_status":"open","ping_status":"open","sticky":false,"template":"","format":"standard","meta":{"_acf_changed":false,"_crdt_document":"","footnotes":""},"categories":[173,218,54],"tags":[242,208,190],"class_list":["post-3539","post","type-post","status-publish","format-standard","has-post-thumbnail","hentry","category-desarrollo-organizacional","category-diagnostico-organizacional-y-plan-de-accion","category-newsletters","tag-clima-organizacional","tag-diagnostico-organizacional","tag-gestion-del-cambio"],"acf":[],"yoast_head":"<!-- This site is optimized with the Yoast SEO plugin v27.5 - https:\/\/yoast.com\/product\/yoast-seo-wordpress\/ -->\n<title>Cuando el clima se pone tenso - Action Group, Education &amp; Consulting<\/title>\n<meta name=\"description\" content=\"Las tensiones del contexto, las preocupaciones individuales por el salario y la continuidad en el puesto de trabajo, las decisiones que las empresas toman\" \/>\n<meta name=\"robots\" content=\"index, follow, max-snippet:-1, max-image-preview:large, max-video-preview:-1\" \/>\n<link rel=\"canonical\" href=\"https:\/\/actiongroup.com.ar\/en\/cuando-el-clima-se-pone-tenso\/\" \/>\n<meta property=\"og:locale\" content=\"en_US\" \/>\n<meta property=\"og:type\" content=\"article\" \/>\n<meta property=\"og:title\" content=\"Cuando el clima se pone tenso - Action Group, Education &amp; Consulting\" \/>\n<meta property=\"og:description\" content=\"Las tensiones del contexto, las preocupaciones individuales por el salario y la continuidad en el puesto de trabajo, las decisiones que las empresas toman\" \/>\n<meta property=\"og:url\" content=\"https:\/\/actiongroup.com.ar\/en\/cuando-el-clima-se-pone-tenso\/\" \/>\n<meta property=\"og:site_name\" content=\"Action Group, Education &amp; Consulting\" \/>\n<meta property=\"article:publisher\" content=\"https:\/\/web.facebook.com\/ActionGroup\/?ref=ts&amp;amp%3bamp%3bamp%3bfref=ts\" \/>\n<meta property=\"article:published_time\" content=\"2019-02-28T02:03:50+00:00\" \/>\n<meta property=\"og:image\" content=\"https:\/\/actiongroup.com.ar\/wp-content\/uploads\/2019\/02\/crisis-clima-organizacional-despidos.jpg\" \/>\n\t<meta property=\"og:image:width\" content=\"2000\" \/>\n\t<meta property=\"og:image:height\" content=\"1636\" \/>\n\t<meta property=\"og:image:type\" content=\"image\/jpeg\" \/>\n<meta name=\"author\" content=\"Lic. Viviana P. Liptzis\" \/>\n<meta name=\"twitter:card\" content=\"summary_large_image\" \/>\n<meta name=\"twitter:creator\" content=\"@actiongroup_ar\" \/>\n<meta name=\"twitter:site\" content=\"@actiongroup_ar\" \/>\n<meta name=\"twitter:label1\" content=\"Written by\" \/>\n\t<meta name=\"twitter:data1\" content=\"Lic. Viviana P. Liptzis\" \/>\n\t<meta name=\"twitter:label2\" content=\"Est. reading time\" \/>\n\t<meta name=\"twitter:data2\" content=\"2 minutes\" \/>\n<script type=\"application\/ld+json\" class=\"yoast-schema-graph\">{\"@context\":\"https:\\\/\\\/schema.org\",\"@graph\":[{\"@type\":\"Article\",\"@id\":\"https:\\\/\\\/actiongroup.com.ar\\\/cuando-el-clima-se-pone-tenso\\\/#article\",\"isPartOf\":{\"@id\":\"https:\\\/\\\/actiongroup.com.ar\\\/cuando-el-clima-se-pone-tenso\\\/\"},\"author\":{\"name\":\"Lic. Viviana P. Liptzis\",\"@id\":\"https:\\\/\\\/actiongroup.com.ar\\\/#\\\/schema\\\/person\\\/f90ca7f4041396d195d0212a037f62ae\"},\"headline\":\"Cuando el clima se pone tenso\",\"datePublished\":\"2019-02-28T02:03:50+00:00\",\"mainEntityOfPage\":{\"@id\":\"https:\\\/\\\/actiongroup.com.ar\\\/cuando-el-clima-se-pone-tenso\\\/\"},\"wordCount\":451,\"commentCount\":0,\"publisher\":{\"@id\":\"https:\\\/\\\/actiongroup.com.ar\\\/#organization\"},\"image\":{\"@id\":\"https:\\\/\\\/actiongroup.com.ar\\\/cuando-el-clima-se-pone-tenso\\\/#primaryimage\"},\"thumbnailUrl\":\"https:\\\/\\\/actiongroup.com.ar\\\/wp-content\\\/uploads\\\/2019\\\/02\\\/crisis-clima-organizacional-despidos.jpg\",\"keywords\":[\"Clima Organizacional\",\"Diagn\u00f3stico Organizacional\",\"Gestion del Cambio\"],\"articleSection\":[\"Desarrollo Organizacional\",\"Diagn\u00f3stico Organizacional y Plan de Acci\u00f3n\",\"Newsletters\"],\"inLanguage\":\"en-US\",\"potentialAction\":[{\"@type\":\"CommentAction\",\"name\":\"Comment\",\"target\":[\"https:\\\/\\\/actiongroup.com.ar\\\/cuando-el-clima-se-pone-tenso\\\/#respond\"]}]},{\"@type\":\"WebPage\",\"@id\":\"https:\\\/\\\/actiongroup.com.ar\\\/cuando-el-clima-se-pone-tenso\\\/\",\"url\":\"https:\\\/\\\/actiongroup.com.ar\\\/cuando-el-clima-se-pone-tenso\\\/\",\"name\":\"Cuando el clima se pone tenso - Action Group, Education &amp; Consulting\",\"isPartOf\":{\"@id\":\"https:\\\/\\\/actiongroup.com.ar\\\/#website\"},\"primaryImageOfPage\":{\"@id\":\"https:\\\/\\\/actiongroup.com.ar\\\/cuando-el-clima-se-pone-tenso\\\/#primaryimage\"},\"image\":{\"@id\":\"https:\\\/\\\/actiongroup.com.ar\\\/cuando-el-clima-se-pone-tenso\\\/#primaryimage\"},\"thumbnailUrl\":\"https:\\\/\\\/actiongroup.com.ar\\\/wp-content\\\/uploads\\\/2019\\\/02\\\/crisis-clima-organizacional-despidos.jpg\",\"datePublished\":\"2019-02-28T02:03:50+00:00\",\"description\":\"Las tensiones del contexto, las preocupaciones individuales por el salario y la continuidad en el puesto de trabajo, las decisiones que las empresas toman\",\"breadcrumb\":{\"@id\":\"https:\\\/\\\/actiongroup.com.ar\\\/cuando-el-clima-se-pone-tenso\\\/#breadcrumb\"},\"inLanguage\":\"en-US\",\"potentialAction\":[{\"@type\":\"ReadAction\",\"target\":[\"https:\\\/\\\/actiongroup.com.ar\\\/cuando-el-clima-se-pone-tenso\\\/\"]}]},{\"@type\":\"ImageObject\",\"inLanguage\":\"en-US\",\"@id\":\"https:\\\/\\\/actiongroup.com.ar\\\/cuando-el-clima-se-pone-tenso\\\/#primaryimage\",\"url\":\"https:\\\/\\\/actiongroup.com.ar\\\/wp-content\\\/uploads\\\/2019\\\/02\\\/crisis-clima-organizacional-despidos.jpg\",\"contentUrl\":\"https:\\\/\\\/actiongroup.com.ar\\\/wp-content\\\/uploads\\\/2019\\\/02\\\/crisis-clima-organizacional-despidos.jpg\",\"width\":2000,\"height\":1636},{\"@type\":\"BreadcrumbList\",\"@id\":\"https:\\\/\\\/actiongroup.com.ar\\\/cuando-el-clima-se-pone-tenso\\\/#breadcrumb\",\"itemListElement\":[{\"@type\":\"ListItem\",\"position\":1,\"name\":\"Home\",\"item\":\"https:\\\/\\\/actiongroup.com.ar\\\/\"},{\"@type\":\"ListItem\",\"position\":2,\"name\":\"Cuando el clima se pone tenso\"}]},{\"@type\":\"WebSite\",\"@id\":\"https:\\\/\\\/actiongroup.com.ar\\\/#website\",\"url\":\"https:\\\/\\\/actiongroup.com.ar\\\/\",\"name\":\"Action Group, Education &amp; Consulting\",\"description\":\"Desarrollo Organizacional, Excelencia Operacional, RRHH y Selecci\u00f3n\",\"publisher\":{\"@id\":\"https:\\\/\\\/actiongroup.com.ar\\\/#organization\"},\"potentialAction\":[{\"@type\":\"SearchAction\",\"target\":{\"@type\":\"EntryPoint\",\"urlTemplate\":\"https:\\\/\\\/actiongroup.com.ar\\\/?s={search_term_string}\"},\"query-input\":{\"@type\":\"PropertyValueSpecification\",\"valueRequired\":true,\"valueName\":\"search_term_string\"}}],\"inLanguage\":\"en-US\"},{\"@type\":\"Organization\",\"@id\":\"https:\\\/\\\/actiongroup.com.ar\\\/#organization\",\"name\":\"Action Group, Education & Consulting\",\"url\":\"https:\\\/\\\/actiongroup.com.ar\\\/\",\"logo\":{\"@type\":\"ImageObject\",\"inLanguage\":\"en-US\",\"@id\":\"https:\\\/\\\/actiongroup.com.ar\\\/#\\\/schema\\\/logo\\\/image\\\/\",\"url\":\"https:\\\/\\\/i1.wp.com\\\/www.actiongroup.com.ar\\\/wp-content\\\/uploads\\\/2016\\\/10\\\/logo.png?fit=342%2C69\",\"contentUrl\":\"https:\\\/\\\/i1.wp.com\\\/www.actiongroup.com.ar\\\/wp-content\\\/uploads\\\/2016\\\/10\\\/logo.png?fit=342%2C69\",\"width\":342,\"height\":69,\"caption\":\"Action Group, Education & Consulting\"},\"image\":{\"@id\":\"https:\\\/\\\/actiongroup.com.ar\\\/#\\\/schema\\\/logo\\\/image\\\/\"},\"sameAs\":[\"https:\\\/\\\/web.facebook.com\\\/ActionGroup\\\/?ref=ts&amp;amp;amp;fref=ts\",\"https:\\\/\\\/x.com\\\/actiongroup_ar\",\"https:\\\/\\\/ar.linkedin.com\\\/in\\\/ra\u00fal-a-perez-verzini-b5213b1\\\/es\"]},{\"@type\":\"Person\",\"@id\":\"https:\\\/\\\/actiongroup.com.ar\\\/#\\\/schema\\\/person\\\/f90ca7f4041396d195d0212a037f62ae\",\"name\":\"Lic. Viviana P. Liptzis\",\"image\":{\"@type\":\"ImageObject\",\"inLanguage\":\"en-US\",\"@id\":\"https:\\\/\\\/secure.gravatar.com\\\/avatar\\\/46c90ed25131d6e30aaa27d9fceb53871cf06621aa63b306042da9300bbb2fe9?s=96&d=mm&r=g\",\"url\":\"https:\\\/\\\/secure.gravatar.com\\\/avatar\\\/46c90ed25131d6e30aaa27d9fceb53871cf06621aa63b306042da9300bbb2fe9?s=96&d=mm&r=g\",\"contentUrl\":\"https:\\\/\\\/secure.gravatar.com\\\/avatar\\\/46c90ed25131d6e30aaa27d9fceb53871cf06621aa63b306042da9300bbb2fe9?s=96&d=mm&r=g\",\"caption\":\"Lic. Viviana P. Liptzis\"},\"description\":\"Magister en Desarrollo y Comportamiento Organizacional por la Universidad Diego Portales de Santiago de Chile. Graduada en Psicolog\u00eda por la Universidad Nacional de C\u00f3rdoba. Estudi\u00f3 en Brasil y Chile. Su especialidad es la Psicolog\u00eda Organizacional. Director Consultor de Action Group, Education &amp; Consulting,\",\"sameAs\":[\"http:\\\/\\\/www.sermujerhoy.com\",\"http:\\\/\\\/ar.linkedin.com\\\/pub\\\/viviana-liptzis\\\/\"],\"url\":\"https:\\\/\\\/actiongroup.com.ar\\\/en\\\/author\\\/viviana\\\/\"}]}<\/script>\n<!-- \/ Yoast SEO plugin. -->","yoast_head_json":{"title":"When the Weather Gets Tense - Action Group, Education &amp; Consulting","description":"The tensions of the context, individual concerns about salary and continuity in the job, the decisions that companies make","robots":{"index":"index","follow":"follow","max-snippet":"max-snippet:-1","max-image-preview":"max-image-preview:large","max-video-preview":"max-video-preview:-1"},"canonical":"https:\/\/actiongroup.com.ar\/en\/cuando-el-clima-se-pone-tenso\/","og_locale":"en_US","og_type":"article","og_title":"Cuando el clima se pone tenso - Action Group, Education &amp; Consulting","og_description":"Las tensiones del contexto, las preocupaciones individuales por el salario y la continuidad en el puesto de trabajo, las decisiones que las empresas toman","og_url":"https:\/\/actiongroup.com.ar\/en\/cuando-el-clima-se-pone-tenso\/","og_site_name":"Action Group, Education &amp; Consulting","article_publisher":"https:\/\/web.facebook.com\/ActionGroup\/?ref=ts&amp%3bamp%3bamp%3bfref=ts","article_published_time":"2019-02-28T02:03:50+00:00","og_image":[{"width":2000,"height":1636,"url":"https:\/\/actiongroup.com.ar\/wp-content\/uploads\/2019\/02\/crisis-clima-organizacional-despidos.jpg","type":"image\/jpeg"}],"author":"Lic. Viviana P. Liptzis","twitter_card":"summary_large_image","twitter_creator":"@actiongroup_ar","twitter_site":"@actiongroup_ar","twitter_misc":{"Written by":"Lic. Viviana P. Liptzis","Est. reading time":"2 minutes"},"schema":{"@context":"https:\/\/schema.org","@graph":[{"@type":"Article","@id":"https:\/\/actiongroup.com.ar\/cuando-el-clima-se-pone-tenso\/#article","isPartOf":{"@id":"https:\/\/actiongroup.com.ar\/cuando-el-clima-se-pone-tenso\/"},"author":{"name":"Lic. Viviana P. Liptzis","@id":"https:\/\/actiongroup.com.ar\/#\/schema\/person\/f90ca7f4041396d195d0212a037f62ae"},"headline":"Cuando el clima se pone tenso","datePublished":"2019-02-28T02:03:50+00:00","mainEntityOfPage":{"@id":"https:\/\/actiongroup.com.ar\/cuando-el-clima-se-pone-tenso\/"},"wordCount":451,"commentCount":0,"publisher":{"@id":"https:\/\/actiongroup.com.ar\/#organization"},"image":{"@id":"https:\/\/actiongroup.com.ar\/cuando-el-clima-se-pone-tenso\/#primaryimage"},"thumbnailUrl":"https:\/\/actiongroup.com.ar\/wp-content\/uploads\/2019\/02\/crisis-clima-organizacional-despidos.jpg","keywords":["Clima Organizacional","Diagn\u00f3stico Organizacional","Gestion del Cambio"],"articleSection":["Desarrollo Organizacional","Diagn\u00f3stico Organizacional y Plan de Acci\u00f3n","Newsletters"],"inLanguage":"en-US","potentialAction":[{"@type":"CommentAction","name":"Comment","target":["https:\/\/actiongroup.com.ar\/cuando-el-clima-se-pone-tenso\/#respond"]}]},{"@type":"WebPage","@id":"https:\/\/actiongroup.com.ar\/cuando-el-clima-se-pone-tenso\/","url":"https:\/\/actiongroup.com.ar\/cuando-el-clima-se-pone-tenso\/","name":"When the Weather Gets Tense - Action Group, Education &amp; Consulting","isPartOf":{"@id":"https:\/\/actiongroup.com.ar\/#website"},"primaryImageOfPage":{"@id":"https:\/\/actiongroup.com.ar\/cuando-el-clima-se-pone-tenso\/#primaryimage"},"image":{"@id":"https:\/\/actiongroup.com.ar\/cuando-el-clima-se-pone-tenso\/#primaryimage"},"thumbnailUrl":"https:\/\/actiongroup.com.ar\/wp-content\/uploads\/2019\/02\/crisis-clima-organizacional-despidos.jpg","datePublished":"2019-02-28T02:03:50+00:00","description":"The tensions of the context, individual concerns about salary and continuity in the job, the decisions that companies make","breadcrumb":{"@id":"https:\/\/actiongroup.com.ar\/cuando-el-clima-se-pone-tenso\/#breadcrumb"},"inLanguage":"en-US","potentialAction":[{"@type":"ReadAction","target":["https:\/\/actiongroup.com.ar\/cuando-el-clima-se-pone-tenso\/"]}]},{"@type":"ImageObject","inLanguage":"en-US","@id":"https:\/\/actiongroup.com.ar\/cuando-el-clima-se-pone-tenso\/#primaryimage","url":"https:\/\/actiongroup.com.ar\/wp-content\/uploads\/2019\/02\/crisis-clima-organizacional-despidos.jpg","contentUrl":"https:\/\/actiongroup.com.ar\/wp-content\/uploads\/2019\/02\/crisis-clima-organizacional-despidos.jpg","width":2000,"height":1636},{"@type":"BreadcrumbList","@id":"https:\/\/actiongroup.com.ar\/cuando-el-clima-se-pone-tenso\/#breadcrumb","itemListElement":[{"@type":"ListItem","position":1,"name":"Home","item":"https:\/\/actiongroup.com.ar\/"},{"@type":"ListItem","position":2,"name":"Cuando el clima se pone tenso"}]},{"@type":"WebSite","@id":"https:\/\/actiongroup.com.ar\/#website","url":"https:\/\/actiongroup.com.ar\/","name":"Action Group, Education &amp; Consulting","description":"Organizational Development, Operational Excellence, HR and Selection","publisher":{"@id":"https:\/\/actiongroup.com.ar\/#organization"},"potentialAction":[{"@type":"SearchAction","target":{"@type":"EntryPoint","urlTemplate":"https:\/\/actiongroup.com.ar\/?s={search_term_string}"},"query-input":{"@type":"PropertyValueSpecification","valueRequired":true,"valueName":"search_term_string"}}],"inLanguage":"en-US"},{"@type":"Organization","@id":"https:\/\/actiongroup.com.ar\/#organization","name":"Action Group, Education &amp; Consulting","url":"https:\/\/actiongroup.com.ar\/","logo":{"@type":"ImageObject","inLanguage":"en-US","@id":"https:\/\/actiongroup.com.ar\/#\/schema\/logo\/image\/","url":"https:\/\/i1.wp.com\/www.actiongroup.com.ar\/wp-content\/uploads\/2016\/10\/logo.png?fit=342%2C69","contentUrl":"https:\/\/i1.wp.com\/www.actiongroup.com.ar\/wp-content\/uploads\/2016\/10\/logo.png?fit=342%2C69","width":342,"height":69,"caption":"Action Group, Education & Consulting"},"image":{"@id":"https:\/\/actiongroup.com.ar\/#\/schema\/logo\/image\/"},"sameAs":["https:\/\/web.facebook.com\/ActionGroup\/?ref=ts&amp;amp;amp;fref=ts","https:\/\/x.com\/actiongroup_ar","https:\/\/ar.linkedin.com\/in\/ra\u00fal-a-perez-verzini-b5213b1\/es"]},{"@type":"Person","@id":"https:\/\/actiongroup.com.ar\/#\/schema\/person\/f90ca7f4041396d195d0212a037f62ae","name":"Lic. Viviana P. Liptzis","image":{"@type":"ImageObject","inLanguage":"en-US","@id":"https:\/\/secure.gravatar.com\/avatar\/46c90ed25131d6e30aaa27d9fceb53871cf06621aa63b306042da9300bbb2fe9?s=96&d=mm&r=g","url":"https:\/\/secure.gravatar.com\/avatar\/46c90ed25131d6e30aaa27d9fceb53871cf06621aa63b306042da9300bbb2fe9?s=96&d=mm&r=g","contentUrl":"https:\/\/secure.gravatar.com\/avatar\/46c90ed25131d6e30aaa27d9fceb53871cf06621aa63b306042da9300bbb2fe9?s=96&d=mm&r=g","caption":"Lic. Viviana P. Liptzis"},"description":"Master&#039;s degree in Organizational Development and Behavior from Diego Portales University in Santiago, Chile. She holds a degree in Psychology from the National University of C\u00f3rdoba. She studied in Brazil and Chile. Her specialty is Organizational Psychology. She is a Consulting Director of Action Group, Education &amp; Consulting.","sameAs":["http:\/\/www.sermujerhoy.com","http:\/\/ar.linkedin.com\/pub\/viviana-liptzis\/"],"url":"https:\/\/actiongroup.com.ar\/en\/author\/viviana\/"}]}},"publishpress_future_action":{"enabled":false,"date":"2026-05-08 07:36:57","action":"change-status","newStatus":"draft","terms":[],"taxonomy":"category","extraData":[]},"publishpress_future_workflow_manual_trigger":{"enabledWorkflows":[]},"_links":{"self":[{"href":"https:\/\/actiongroup.com.ar\/en\/wp-json\/wp\/v2\/posts\/3539","targetHints":{"allow":["GET"]}}],"collection":[{"href":"https:\/\/actiongroup.com.ar\/en\/wp-json\/wp\/v2\/posts"}],"about":[{"href":"https:\/\/actiongroup.com.ar\/en\/wp-json\/wp\/v2\/types\/post"}],"author":[{"embeddable":true,"href":"https:\/\/actiongroup.com.ar\/en\/wp-json\/wp\/v2\/users\/3"}],"replies":[{"embeddable":true,"href":"https:\/\/actiongroup.com.ar\/en\/wp-json\/wp\/v2\/comments?post=3539"}],"version-history":[{"count":4,"href":"https:\/\/actiongroup.com.ar\/en\/wp-json\/wp\/v2\/posts\/3539\/revisions"}],"predecessor-version":[{"id":3546,"href":"https:\/\/actiongroup.com.ar\/en\/wp-json\/wp\/v2\/posts\/3539\/revisions\/3546"}],"wp:featuredmedia":[{"embeddable":true,"href":"https:\/\/actiongroup.com.ar\/en\/wp-json\/wp\/v2\/media\/3541"}],"wp:attachment":[{"href":"https:\/\/actiongroup.com.ar\/en\/wp-json\/wp\/v2\/media?parent=3539"}],"wp:term":[{"taxonomy":"category","embeddable":true,"href":"https:\/\/actiongroup.com.ar\/en\/wp-json\/wp\/v2\/categories?post=3539"},{"taxonomy":"post_tag","embeddable":true,"href":"https:\/\/actiongroup.com.ar\/en\/wp-json\/wp\/v2\/tags?post=3539"}],"curies":[{"name":"wp","href":"https:\/\/api.w.org\/{rel}","templated":true}]}}