{"id":7,"date":"2010-11-08T04:42:30","date_gmt":"2010-11-08T07:42:30","guid":{"rendered":"http:\/\/actiongroup.com.ar\/?p=7"},"modified":"2016-09-28T14:54:35","modified_gmt":"2016-09-28T17:54:35","slug":"programa-de-5-s-semillas-de-cambio-organizacional","status":"publish","type":"post","link":"https:\/\/actiongroup.com.ar\/en\/programa-de-5-s-semillas-de-cambio-organizacional\/","title":{"rendered":"5 \u201cS\u201d Program: Seeds of Organizational Change"},"content":{"rendered":"<p>Content is as important for industry as it is for services, regardless of the size of the company.<br \/>\nWe recommend attending for those interested in applying the tool on its own or as a support for other processes such as TPM, Kaizen, or Lean.<br \/>\nDuring the sessions, real-life case studies are presented, and all aspects to be considered during implementation are reviewed.<\/p>\n<p>We place special emphasis on cultural aspects and how to manage the change this methodology entails. In our view, 5S is more than just order and cleanliness; it&#039;s a cultural change.<\/p>\n<blockquote><p>DATE: To be agreed<strong><br \/>\n<\/strong><span style=\"text-decoration: underline;\">DURATION<\/span>: 5 days of 8 hours each.<strong><br \/>\n<\/strong><span style=\"text-decoration: underline;\">PLACE<\/span>: Preferably companies willing to open their facilities in order to make a practical application.<br \/>\nMORE INFORMATION: See Frequently Asked Questions \u2013 FAQ&#039;s<\/p><\/blockquote>\n<h2>Syllabus<strong>: 5\u2033S\u201d: Seeds of Organizational Change<\/strong><\/h2>\n<p><strong>The Five S&#039;s: More than order and cleanliness, a cultural change<br \/>\n<\/strong>The context for the implementation of the 5 \u201cS\u201d<br \/>\nLoss Concept: What we want to avoid with the 5 \u201cS\u201d<br \/>\nBenefits and resistances that result from its application.<br \/>\n<strong><br \/>\nModule 2: Program Implementation<br \/>\n<\/strong>Key success factors<br \/>\nManagement Indicators<br \/>\n5 \u201cS\u201d Council Responsibilities<br \/>\nThe importance of the dissemination and promotion of the program<\/p>\n<p><strong>Module 3: The 5S<br \/>\nSeiri: classification \/ organization<\/strong><br \/>\nImplementation Methodology: Steps for implementing the Red Card strategy.<br \/>\nThe key is commitment<br \/>\nBenefits of the application<br \/>\nTools: Checklist to verify compliance<\/p>\n<p><strong>Seiton: order<\/strong><br \/>\nImplementation methodology<br \/>\nThe 6 steps to a Visual Management strategy<br \/>\nUsing the 5 \u201cS\u201d map<br \/>\nPainting Strategy<br \/>\nBenefits of the application<br \/>\nTools: Checklist to verify compliance<\/p>\n<p><strong>Seiso: cleaning<\/strong><br \/>\nImplementation Methodology: Planning the Cleanup Campaign<br \/>\nThe incorporation of inspection<br \/>\nBenefits of the application<br \/>\nTools: Checklist to verify compliance<\/p>\n<p><strong>Seiketsu: standardized cleaning<\/strong><br \/>\nImplementation Methodology: Turning the First Three \u201cS\u201d into Habits<br \/>\nThe next level: prevention<br \/>\nBenefits of the application<br \/>\nTools: Checklist to verify compliance<\/p>\n<p><strong>Shitsuke: discipline<\/strong><br \/>\nImplementation Methodology: Tools to Achieve Discipline<br \/>\nBenefits of the application<\/p>\n<p><strong>Module 4: Possibilities of applying what you have learned<\/strong><br \/>\nApplication examples in different companies: services, offices, industry.<br \/>\nTips for Senior Management\/Middle Management\/Operators<br \/>\nFrequently Asked Questions<\/p>\n<p><strong>Module 5: True Cultural Change<br \/>\n<\/strong>The most common resistances and how to overcome them<br \/>\nMental models: mechanistic vision versus systemic vision<\/p>\n<blockquote>\n<h3>INVESTMENT<\/h3>\n<p>The cost of the 5 \u201cS\u201d Theoretical and Practical Course: Seeds of Organizational Change is: USD 1,000 per person.<br \/>\nThese amounts are free of taxes and travel expenses.<br \/>\nTo schedule courses outside of Argentina, please contact us. <a href=\"mailto:info@actiongroup.com.ar?subject=Contrataci%C3%B3n%20para%20Curso%205S\">here<\/a><\/p><\/blockquote>","protected":false},"excerpt":{"rendered":"<p>We partner with consulting firms in Latin America to teach theoretical and practical courses.<\/p>","protected":false},"author":4,"featured_media":9,"comment_status":"closed","ping_status":"open","sticky":false,"template":"","format":"standard","meta":{"_acf_changed":false,"_crdt_document":"","footnotes":""},"categories":[14,6,168],"tags":[188],"class_list":["post-7","post","type-post","status-publish","format-standard","has-post-thumbnail","hentry","category-novedades","category-seminarios","category-tpm-mejora-continua","tag-programa-de-5-s"],"acf":[],"yoast_head":"<!-- This site is optimized with the Yoast SEO plugin v27.5 - https:\/\/yoast.com\/product\/yoast-seo-wordpress\/ -->\n<title>Programa de 5 &quot;S&quot;: Semillas de Cambio Organizacional - Action Group, Education &amp; Consulting<\/title>\n<meta name=\"description\" content=\"Realizamos alianzas con consultoras de Am\u00e9rica Latina para dictar cursos te\u00f3rico pr\u00e1cticos.\" \/>\n<meta name=\"robots\" content=\"index, follow, max-snippet:-1, max-image-preview:large, max-video-preview:-1\" \/>\n<link rel=\"canonical\" href=\"https:\/\/actiongroup.com.ar\/en\/programa-de-5-s-semillas-de-cambio-organizacional\/\" \/>\n<meta property=\"og:locale\" content=\"en_US\" \/>\n<meta property=\"og:type\" content=\"article\" \/>\n<meta property=\"og:title\" content=\"Programa de 5 &quot;S&quot;: Semillas de Cambio Organizacional - Action Group, Education &amp; Consulting\" \/>\n<meta property=\"og:description\" content=\"Realizamos alianzas con consultoras de Am\u00e9rica Latina para dictar cursos te\u00f3rico pr\u00e1cticos.\" \/>\n<meta property=\"og:url\" content=\"https:\/\/actiongroup.com.ar\/en\/programa-de-5-s-semillas-de-cambio-organizacional\/\" \/>\n<meta property=\"og:site_name\" content=\"Action Group, Education &amp; Consulting\" \/>\n<meta property=\"article:publisher\" content=\"https:\/\/web.facebook.com\/ActionGroup\/?ref=ts&amp;amp%3bamp%3bamp%3bfref=ts\" \/>\n<meta property=\"article:published_time\" content=\"2010-11-08T07:42:30+00:00\" \/>\n<meta property=\"article:modified_time\" content=\"2016-09-28T17:54:35+00:00\" \/>\n<meta property=\"og:image\" content=\"https:\/\/actiongroup.com.ar\/wp-content\/uploads\/2010\/12\/tiempo-de-cambio.jpg\" \/>\n\t<meta property=\"og:image:width\" content=\"306\" \/>\n\t<meta property=\"og:image:height\" content=\"300\" \/>\n\t<meta property=\"og:image:type\" content=\"image\/jpeg\" \/>\n<meta name=\"author\" content=\"Ing. Ra\u00fal A. Perez Verzini\" \/>\n<meta name=\"twitter:card\" content=\"summary_large_image\" \/>\n<meta name=\"twitter:creator\" content=\"@actiongroup_ar\" \/>\n<meta name=\"twitter:site\" content=\"@actiongroup_ar\" \/>\n<meta name=\"twitter:label1\" content=\"Written by\" \/>\n\t<meta name=\"twitter:data1\" content=\"Ing. Ra\u00fal A. Perez Verzini\" \/>\n\t<meta name=\"twitter:label2\" content=\"Est. reading time\" \/>\n\t<meta name=\"twitter:data2\" content=\"2 minutes\" \/>\n<script type=\"application\/ld+json\" class=\"yoast-schema-graph\">{\"@context\":\"https:\\\/\\\/schema.org\",\"@graph\":[{\"@type\":\"Article\",\"@id\":\"https:\\\/\\\/actiongroup.com.ar\\\/programa-de-5-s-semillas-de-cambio-organizacional\\\/#article\",\"isPartOf\":{\"@id\":\"https:\\\/\\\/actiongroup.com.ar\\\/programa-de-5-s-semillas-de-cambio-organizacional\\\/\"},\"author\":{\"name\":\"Ing. Ra\u00fal A. Perez Verzini\",\"@id\":\"https:\\\/\\\/actiongroup.com.ar\\\/#\\\/schema\\\/person\\\/137c7a455c4ee5c9817231909390d028\"},\"headline\":\"Programa de 5 &#8220;S&#8221;: Semillas de Cambio Organizacional\",\"datePublished\":\"2010-11-08T07:42:30+00:00\",\"dateModified\":\"2016-09-28T17:54:35+00:00\",\"mainEntityOfPage\":{\"@id\":\"https:\\\/\\\/actiongroup.com.ar\\\/programa-de-5-s-semillas-de-cambio-organizacional\\\/\"},\"wordCount\":477,\"publisher\":{\"@id\":\"https:\\\/\\\/actiongroup.com.ar\\\/#organization\"},\"image\":{\"@id\":\"https:\\\/\\\/actiongroup.com.ar\\\/programa-de-5-s-semillas-de-cambio-organizacional\\\/#primaryimage\"},\"thumbnailUrl\":\"https:\\\/\\\/actiongroup.com.ar\\\/wp-content\\\/uploads\\\/2010\\\/12\\\/tiempo-de-cambio.jpg\",\"keywords\":[\"Programa de 5 \\\"S\\\"\"],\"articleSection\":[\"Novedades\",\"Seminarios\",\"TPM \\\/ Mejora Continua\"],\"inLanguage\":\"en-US\"},{\"@type\":\"WebPage\",\"@id\":\"https:\\\/\\\/actiongroup.com.ar\\\/programa-de-5-s-semillas-de-cambio-organizacional\\\/\",\"url\":\"https:\\\/\\\/actiongroup.com.ar\\\/programa-de-5-s-semillas-de-cambio-organizacional\\\/\",\"name\":\"Programa de 5 \\\"S\\\": Semillas de Cambio Organizacional - Action Group, Education &amp; Consulting\",\"isPartOf\":{\"@id\":\"https:\\\/\\\/actiongroup.com.ar\\\/#website\"},\"primaryImageOfPage\":{\"@id\":\"https:\\\/\\\/actiongroup.com.ar\\\/programa-de-5-s-semillas-de-cambio-organizacional\\\/#primaryimage\"},\"image\":{\"@id\":\"https:\\\/\\\/actiongroup.com.ar\\\/programa-de-5-s-semillas-de-cambio-organizacional\\\/#primaryimage\"},\"thumbnailUrl\":\"https:\\\/\\\/actiongroup.com.ar\\\/wp-content\\\/uploads\\\/2010\\\/12\\\/tiempo-de-cambio.jpg\",\"datePublished\":\"2010-11-08T07:42:30+00:00\",\"dateModified\":\"2016-09-28T17:54:35+00:00\",\"description\":\"Realizamos alianzas con consultoras de Am\u00e9rica Latina para dictar cursos te\u00f3rico pr\u00e1cticos.\",\"breadcrumb\":{\"@id\":\"https:\\\/\\\/actiongroup.com.ar\\\/programa-de-5-s-semillas-de-cambio-organizacional\\\/#breadcrumb\"},\"inLanguage\":\"en-US\",\"potentialAction\":[{\"@type\":\"ReadAction\",\"target\":[\"https:\\\/\\\/actiongroup.com.ar\\\/programa-de-5-s-semillas-de-cambio-organizacional\\\/\"]}]},{\"@type\":\"ImageObject\",\"inLanguage\":\"en-US\",\"@id\":\"https:\\\/\\\/actiongroup.com.ar\\\/programa-de-5-s-semillas-de-cambio-organizacional\\\/#primaryimage\",\"url\":\"https:\\\/\\\/actiongroup.com.ar\\\/wp-content\\\/uploads\\\/2010\\\/12\\\/tiempo-de-cambio.jpg\",\"contentUrl\":\"https:\\\/\\\/actiongroup.com.ar\\\/wp-content\\\/uploads\\\/2010\\\/12\\\/tiempo-de-cambio.jpg\",\"width\":306,\"height\":300},{\"@type\":\"BreadcrumbList\",\"@id\":\"https:\\\/\\\/actiongroup.com.ar\\\/programa-de-5-s-semillas-de-cambio-organizacional\\\/#breadcrumb\",\"itemListElement\":[{\"@type\":\"ListItem\",\"position\":1,\"name\":\"Home\",\"item\":\"https:\\\/\\\/actiongroup.com.ar\\\/\"},{\"@type\":\"ListItem\",\"position\":2,\"name\":\"Programa de 5 &#8220;S&#8221;: Semillas de Cambio Organizacional\"}]},{\"@type\":\"WebSite\",\"@id\":\"https:\\\/\\\/actiongroup.com.ar\\\/#website\",\"url\":\"https:\\\/\\\/actiongroup.com.ar\\\/\",\"name\":\"Action Group, Education &amp; Consulting\",\"description\":\"Desarrollo Organizacional, Excelencia Operacional, RRHH y Selecci\u00f3n\",\"publisher\":{\"@id\":\"https:\\\/\\\/actiongroup.com.ar\\\/#organization\"},\"potentialAction\":[{\"@type\":\"SearchAction\",\"target\":{\"@type\":\"EntryPoint\",\"urlTemplate\":\"https:\\\/\\\/actiongroup.com.ar\\\/?s={search_term_string}\"},\"query-input\":{\"@type\":\"PropertyValueSpecification\",\"valueRequired\":true,\"valueName\":\"search_term_string\"}}],\"inLanguage\":\"en-US\"},{\"@type\":\"Organization\",\"@id\":\"https:\\\/\\\/actiongroup.com.ar\\\/#organization\",\"name\":\"Action Group, Education & Consulting\",\"url\":\"https:\\\/\\\/actiongroup.com.ar\\\/\",\"logo\":{\"@type\":\"ImageObject\",\"inLanguage\":\"en-US\",\"@id\":\"https:\\\/\\\/actiongroup.com.ar\\\/#\\\/schema\\\/logo\\\/image\\\/\",\"url\":\"https:\\\/\\\/i1.wp.com\\\/www.actiongroup.com.ar\\\/wp-content\\\/uploads\\\/2016\\\/10\\\/logo.png?fit=342%2C69\",\"contentUrl\":\"https:\\\/\\\/i1.wp.com\\\/www.actiongroup.com.ar\\\/wp-content\\\/uploads\\\/2016\\\/10\\\/logo.png?fit=342%2C69\",\"width\":342,\"height\":69,\"caption\":\"Action Group, Education & Consulting\"},\"image\":{\"@id\":\"https:\\\/\\\/actiongroup.com.ar\\\/#\\\/schema\\\/logo\\\/image\\\/\"},\"sameAs\":[\"https:\\\/\\\/web.facebook.com\\\/ActionGroup\\\/?ref=ts&amp;amp;amp;fref=ts\",\"https:\\\/\\\/x.com\\\/actiongroup_ar\",\"https:\\\/\\\/ar.linkedin.com\\\/in\\\/ra\u00fal-a-perez-verzini-b5213b1\\\/es\"]},{\"@type\":\"Person\",\"@id\":\"https:\\\/\\\/actiongroup.com.ar\\\/#\\\/schema\\\/person\\\/137c7a455c4ee5c9817231909390d028\",\"name\":\"Ing. Ra\u00fal A. Perez Verzini\",\"image\":{\"@type\":\"ImageObject\",\"inLanguage\":\"en-US\",\"@id\":\"https:\\\/\\\/secure.gravatar.com\\\/avatar\\\/71f3a07960c5db379bbf9fafe56ae4624863c3fb8ec5f0c2182629c6d51eafd0?s=96&d=mm&r=g\",\"url\":\"https:\\\/\\\/secure.gravatar.com\\\/avatar\\\/71f3a07960c5db379bbf9fafe56ae4624863c3fb8ec5f0c2182629c6d51eafd0?s=96&d=mm&r=g\",\"contentUrl\":\"https:\\\/\\\/secure.gravatar.com\\\/avatar\\\/71f3a07960c5db379bbf9fafe56ae4624863c3fb8ec5f0c2182629c6d51eafd0?s=96&d=mm&r=g\",\"caption\":\"Ing. Ra\u00fal A. Perez Verzini\"},\"description\":\"Estudi\u00f3 en Chile, Colombia, Brasil, USA, Canad\u00e1 y Jap\u00f3n los procesos de involucraci\u00f3n de las personas y su impacto en los aumentos de productividad, calidad y rentabilidad. Graduado en Ingenier\u00eda Civil por la Universidad Cat\u00f3lica de C\u00f3rdoba. Director y Consultor de Action Group, Education &amp; Consulting.\",\"sameAs\":[\"http:\\\/\\\/www.linkedin.com\\\/in\\\/raulperezverzini\"],\"url\":\"https:\\\/\\\/actiongroup.com.ar\\\/en\\\/author\\\/raul\\\/\"}]}<\/script>\n<!-- \/ Yoast SEO plugin. -->","yoast_head_json":{"title":"5S Program: Seeds of Organizational Change - Action Group, Education &amp; Consulting","description":"We partner with consulting firms in Latin America to teach theoretical and practical courses.","robots":{"index":"index","follow":"follow","max-snippet":"max-snippet:-1","max-image-preview":"max-image-preview:large","max-video-preview":"max-video-preview:-1"},"canonical":"https:\/\/actiongroup.com.ar\/en\/programa-de-5-s-semillas-de-cambio-organizacional\/","og_locale":"en_US","og_type":"article","og_title":"Programa de 5 \"S\": Semillas de Cambio Organizacional - Action Group, Education &amp; Consulting","og_description":"Realizamos alianzas con consultoras de Am\u00e9rica Latina para dictar cursos te\u00f3rico pr\u00e1cticos.","og_url":"https:\/\/actiongroup.com.ar\/en\/programa-de-5-s-semillas-de-cambio-organizacional\/","og_site_name":"Action Group, Education &amp; Consulting","article_publisher":"https:\/\/web.facebook.com\/ActionGroup\/?ref=ts&amp%3bamp%3bamp%3bfref=ts","article_published_time":"2010-11-08T07:42:30+00:00","article_modified_time":"2016-09-28T17:54:35+00:00","og_image":[{"width":306,"height":300,"url":"https:\/\/actiongroup.com.ar\/wp-content\/uploads\/2010\/12\/tiempo-de-cambio.jpg","type":"image\/jpeg"}],"author":"Ing. Ra\u00fal A. Perez Verzini","twitter_card":"summary_large_image","twitter_creator":"@actiongroup_ar","twitter_site":"@actiongroup_ar","twitter_misc":{"Written by":"Ing. Ra\u00fal A. Perez Verzini","Est. reading time":"2 minutes"},"schema":{"@context":"https:\/\/schema.org","@graph":[{"@type":"Article","@id":"https:\/\/actiongroup.com.ar\/programa-de-5-s-semillas-de-cambio-organizacional\/#article","isPartOf":{"@id":"https:\/\/actiongroup.com.ar\/programa-de-5-s-semillas-de-cambio-organizacional\/"},"author":{"name":"Ing. Ra\u00fal A. Perez Verzini","@id":"https:\/\/actiongroup.com.ar\/#\/schema\/person\/137c7a455c4ee5c9817231909390d028"},"headline":"Programa de 5 &#8220;S&#8221;: Semillas de Cambio Organizacional","datePublished":"2010-11-08T07:42:30+00:00","dateModified":"2016-09-28T17:54:35+00:00","mainEntityOfPage":{"@id":"https:\/\/actiongroup.com.ar\/programa-de-5-s-semillas-de-cambio-organizacional\/"},"wordCount":477,"publisher":{"@id":"https:\/\/actiongroup.com.ar\/#organization"},"image":{"@id":"https:\/\/actiongroup.com.ar\/programa-de-5-s-semillas-de-cambio-organizacional\/#primaryimage"},"thumbnailUrl":"https:\/\/actiongroup.com.ar\/wp-content\/uploads\/2010\/12\/tiempo-de-cambio.jpg","keywords":["Programa de 5 \"S\""],"articleSection":["Novedades","Seminarios","TPM \/ Mejora Continua"],"inLanguage":"en-US"},{"@type":"WebPage","@id":"https:\/\/actiongroup.com.ar\/programa-de-5-s-semillas-de-cambio-organizacional\/","url":"https:\/\/actiongroup.com.ar\/programa-de-5-s-semillas-de-cambio-organizacional\/","name":"5S Program: Seeds of Organizational Change - Action Group, Education &amp; Consulting","isPartOf":{"@id":"https:\/\/actiongroup.com.ar\/#website"},"primaryImageOfPage":{"@id":"https:\/\/actiongroup.com.ar\/programa-de-5-s-semillas-de-cambio-organizacional\/#primaryimage"},"image":{"@id":"https:\/\/actiongroup.com.ar\/programa-de-5-s-semillas-de-cambio-organizacional\/#primaryimage"},"thumbnailUrl":"https:\/\/actiongroup.com.ar\/wp-content\/uploads\/2010\/12\/tiempo-de-cambio.jpg","datePublished":"2010-11-08T07:42:30+00:00","dateModified":"2016-09-28T17:54:35+00:00","description":"We partner with consulting firms in Latin America to teach theoretical and practical courses.","breadcrumb":{"@id":"https:\/\/actiongroup.com.ar\/programa-de-5-s-semillas-de-cambio-organizacional\/#breadcrumb"},"inLanguage":"en-US","potentialAction":[{"@type":"ReadAction","target":["https:\/\/actiongroup.com.ar\/programa-de-5-s-semillas-de-cambio-organizacional\/"]}]},{"@type":"ImageObject","inLanguage":"en-US","@id":"https:\/\/actiongroup.com.ar\/programa-de-5-s-semillas-de-cambio-organizacional\/#primaryimage","url":"https:\/\/actiongroup.com.ar\/wp-content\/uploads\/2010\/12\/tiempo-de-cambio.jpg","contentUrl":"https:\/\/actiongroup.com.ar\/wp-content\/uploads\/2010\/12\/tiempo-de-cambio.jpg","width":306,"height":300},{"@type":"BreadcrumbList","@id":"https:\/\/actiongroup.com.ar\/programa-de-5-s-semillas-de-cambio-organizacional\/#breadcrumb","itemListElement":[{"@type":"ListItem","position":1,"name":"Home","item":"https:\/\/actiongroup.com.ar\/"},{"@type":"ListItem","position":2,"name":"Programa de 5 &#8220;S&#8221;: Semillas de Cambio Organizacional"}]},{"@type":"WebSite","@id":"https:\/\/actiongroup.com.ar\/#website","url":"https:\/\/actiongroup.com.ar\/","name":"Action Group, Education &amp; Consulting","description":"Organizational Development, Operational Excellence, HR and Selection","publisher":{"@id":"https:\/\/actiongroup.com.ar\/#organization"},"potentialAction":[{"@type":"SearchAction","target":{"@type":"EntryPoint","urlTemplate":"https:\/\/actiongroup.com.ar\/?s={search_term_string}"},"query-input":{"@type":"PropertyValueSpecification","valueRequired":true,"valueName":"search_term_string"}}],"inLanguage":"en-US"},{"@type":"Organization","@id":"https:\/\/actiongroup.com.ar\/#organization","name":"Action Group, Education &amp; Consulting","url":"https:\/\/actiongroup.com.ar\/","logo":{"@type":"ImageObject","inLanguage":"en-US","@id":"https:\/\/actiongroup.com.ar\/#\/schema\/logo\/image\/","url":"https:\/\/i1.wp.com\/www.actiongroup.com.ar\/wp-content\/uploads\/2016\/10\/logo.png?fit=342%2C69","contentUrl":"https:\/\/i1.wp.com\/www.actiongroup.com.ar\/wp-content\/uploads\/2016\/10\/logo.png?fit=342%2C69","width":342,"height":69,"caption":"Action Group, Education & Consulting"},"image":{"@id":"https:\/\/actiongroup.com.ar\/#\/schema\/logo\/image\/"},"sameAs":["https:\/\/web.facebook.com\/ActionGroup\/?ref=ts&amp;amp;amp;fref=ts","https:\/\/x.com\/actiongroup_ar","https:\/\/ar.linkedin.com\/in\/ra\u00fal-a-perez-verzini-b5213b1\/es"]},{"@type":"Person","@id":"https:\/\/actiongroup.com.ar\/#\/schema\/person\/137c7a455c4ee5c9817231909390d028","name":"Eng. Ra\u00fal A. Perez Verzini","image":{"@type":"ImageObject","inLanguage":"en-US","@id":"https:\/\/secure.gravatar.com\/avatar\/71f3a07960c5db379bbf9fafe56ae4624863c3fb8ec5f0c2182629c6d51eafd0?s=96&d=mm&r=g","url":"https:\/\/secure.gravatar.com\/avatar\/71f3a07960c5db379bbf9fafe56ae4624863c3fb8ec5f0c2182629c6d51eafd0?s=96&d=mm&r=g","contentUrl":"https:\/\/secure.gravatar.com\/avatar\/71f3a07960c5db379bbf9fafe56ae4624863c3fb8ec5f0c2182629c6d51eafd0?s=96&d=mm&r=g","caption":"Ing. Ra\u00fal A. Perez Verzini"},"description":"He has studied people engagement processes and their impact on increased productivity, quality, and profitability in Chile, Colombia, Brazil, the USA, Canada, and Japan. He holds a degree in Civil Engineering from the Catholic University of C\u00f3rdoba. He is Director and Consultant at Action Group, Education &amp; Consulting.","sameAs":["http:\/\/www.linkedin.com\/in\/raulperezverzini"],"url":"https:\/\/actiongroup.com.ar\/en\/author\/raul\/"}]}},"publishpress_future_action":{"enabled":false,"date":"2026-05-08 14:10:42","action":"change-status","newStatus":"draft","terms":[],"taxonomy":"category","extraData":[]},"publishpress_future_workflow_manual_trigger":{"enabledWorkflows":[]},"_links":{"self":[{"href":"https:\/\/actiongroup.com.ar\/en\/wp-json\/wp\/v2\/posts\/7","targetHints":{"allow":["GET"]}}],"collection":[{"href":"https:\/\/actiongroup.com.ar\/en\/wp-json\/wp\/v2\/posts"}],"about":[{"href":"https:\/\/actiongroup.com.ar\/en\/wp-json\/wp\/v2\/types\/post"}],"author":[{"embeddable":true,"href":"https:\/\/actiongroup.com.ar\/en\/wp-json\/wp\/v2\/users\/4"}],"replies":[{"embeddable":true,"href":"https:\/\/actiongroup.com.ar\/en\/wp-json\/wp\/v2\/comments?post=7"}],"version-history":[{"count":0,"href":"https:\/\/actiongroup.com.ar\/en\/wp-json\/wp\/v2\/posts\/7\/revisions"}],"wp:featuredmedia":[{"embeddable":true,"href":"https:\/\/actiongroup.com.ar\/en\/wp-json\/wp\/v2\/media\/9"}],"wp:attachment":[{"href":"https:\/\/actiongroup.com.ar\/en\/wp-json\/wp\/v2\/media?parent=7"}],"wp:term":[{"taxonomy":"category","embeddable":true,"href":"https:\/\/actiongroup.com.ar\/en\/wp-json\/wp\/v2\/categories?post=7"},{"taxonomy":"post_tag","embeddable":true,"href":"https:\/\/actiongroup.com.ar\/en\/wp-json\/wp\/v2\/tags?post=7"}],"curies":[{"name":"wp","href":"https:\/\/api.w.org\/{rel}","templated":true}]}}