{"id":904,"date":"2009-01-15T09:32:30","date_gmt":"2009-01-15T12:32:30","guid":{"rendered":"http:\/\/actiongroup.com.ar\/?p=904"},"modified":"2016-10-01T20:43:19","modified_gmt":"2016-10-01T23:43:19","slug":"mirar-hacia-adentro","status":"publish","type":"post","link":"https:\/\/actiongroup.com.ar\/en\/mirar-hacia-adentro\/","title":{"rendered":"Look inside"},"content":{"rendered":"<p><img loading=\"lazy\" decoding=\"async\" width=\"200\" height=\"165\" class=\"alignleft size-full wp-image-905\" title=\"manual-crisis4_large\" src=\"http:\/\/actiongroup.com.ar\/wp-content\/uploads\/2011\/02\/manual-crisis4_grande.jpg\" alt=\"\" \/>A few weeks ago, the cover of Caras y Caretas magazine caught my attention (it was in November or December, I can&#039;t remember exactly). The title was &quot;When the exit is not Ezeiza.&quot; Why? Because once again we&#039;re facing an economic crisis, except this time the rest of the world is just like us (or much worse).<\/p>\n<p>Where is the way out then when we can no longer take a plane thinking that things are better outside?<\/p>\n<p>In the organizational sphere, since the much-vaunted globalization affects us all, the crisis is also global. In this context, it&#039;s surely time to revisit traditional responses (those that come first and almost naturally to us, those we know by heart from countless repetitions) because, to paraphrase Einstein, if we seek different results, we can&#039;t always do the same thing.<\/p>\n<p>We are confident then that, in the sphere of organizations, this is an excellent time to Look Inward.<\/p>\n<p>Two clues:<\/p>\n<p><strong>1. Develop ways to retain people in the company<\/strong>Those people who took a lot of time and effort to recruit and develop. Those same people who responded excellently in times of excess demand. And at the risk of sounding harsh, I&#039;d like to invite you to think: let&#039;s suppose we made an investment in equipment, and that investment entailed a great deal of effort in terms of research, installation, the time needed to get it working at full capacity, etc. Would we be willing to let it go because sales or orders dropped? I&#039;ll give you an answer in advance: definitely NOT! We will do what is necessary to retain and maintain it until it&#039;s working again. Why then do some companies get rid of people so quickly without evaluating the investment made in their development and the investment they will need to make again when demand grows again?<\/p>\n<p><strong>2. Implement continuous improvement systems<\/strong>Yes! This is the time. Since we&#039;re not overworked, it&#039;s time to train and implement management methodologies that allow us to improve costs and productivity, eliminate losses, develop and strengthen self-managed work teams, reduce customer delivery times, etc. This way, when the new period of prosperity begins, we&#039;ll be better positioned to compete in a world desperate to market its products and services.<\/p>\n<p>On a personal level<\/p>\n<p>We could extrapolate what we said before: crises are opportunities. As you say. <a href=\"http:\/\/wp.me\/p3wFkm-eD\">Ra\u00fal in our note 1<\/a>: \u201cTwenty years ago, no one would have considered a career change as positive, and even less so if the reason or trigger was a separation. Today, society has gradually begun to view these processes without shame and, knowing that they are natural in a changing world, is gradually learning to capitalize on their full potential to achieve a better future for those who choose to live them intelligently.\u201d<br \/>\nConsequently, we can also take into account some central themes:<\/p>\n<p><strong>1. Plan our career<\/strong>What do we want for our personal\/professional future? How can we achieve it? Do we have the energy to step out of our comfort zone and take on new challenges?<\/p>\n<p><strong>2. Define small steps:<\/strong> The best way to eat an elephant is one piece at a time. Crises and changes often seem like enormous elephants that are impossible to digest, but opportunities undoubtedly lurk behind them, and we just need to be prepared to seize them.<\/p>\n<p>The new year is always a time for renewed commitments. Both personally and organizationally, we believe it&#039;s time to try new responses to these challenges. Because, as Eduardo Galeano says: &quot;Although we cannot predict the future, we do, at least, have the right to imagine what we want it to be.&quot;<\/p>\n<p>See you next time<\/p>","protected":false},"excerpt":{"rendered":"<p>A few weeks ago, the cover title caught my attention\u2026 <\/p>","protected":false},"author":3,"featured_media":905,"comment_status":"closed","ping_status":"open","sticky":false,"template":"","format":"standard","meta":{"_acf_changed":false,"_crdt_document":"","footnotes":""},"categories":[175,218],"tags":[],"class_list":["post-904","post","type-post","status-publish","format-standard","has-post-thumbnail","hentry","category-coaching-ejecutivo","category-diagnostico-organizacional-y-plan-de-accion"],"acf":[],"yoast_head":"<!-- This site is optimized with the Yoast SEO plugin v27.5 - https:\/\/yoast.com\/product\/yoast-seo-wordpress\/ -->\n<title>Mirar hacia adentro - Action Group, Education &amp; Consulting<\/title>\n<meta name=\"description\" content=\"Hace algunas semanas capt\u00f3 mi atenci\u00f3n el t\u00edtulo de tapa de la revista Caras y Caretas (mes de noviembre o diciembre, no recuerdo con exactitud). El\" \/>\n<meta name=\"robots\" content=\"index, follow, max-snippet:-1, max-image-preview:large, max-video-preview:-1\" \/>\n<link rel=\"canonical\" href=\"https:\/\/actiongroup.com.ar\/en\/mirar-hacia-adentro\/\" \/>\n<meta property=\"og:locale\" content=\"en_US\" \/>\n<meta property=\"og:type\" content=\"article\" \/>\n<meta property=\"og:title\" content=\"Mirar hacia adentro - Action Group, Education &amp; Consulting\" \/>\n<meta property=\"og:description\" content=\"Hace algunas semanas capt\u00f3 mi atenci\u00f3n el t\u00edtulo de tapa de la revista Caras y Caretas (mes de noviembre o diciembre, no recuerdo con exactitud). El\" \/>\n<meta property=\"og:url\" content=\"https:\/\/actiongroup.com.ar\/en\/mirar-hacia-adentro\/\" \/>\n<meta property=\"og:site_name\" content=\"Action Group, Education &amp; Consulting\" \/>\n<meta property=\"article:publisher\" content=\"https:\/\/web.facebook.com\/ActionGroup\/?ref=ts&amp;amp%3bamp%3bamp%3bfref=ts\" \/>\n<meta property=\"article:published_time\" content=\"2009-01-15T12:32:30+00:00\" \/>\n<meta property=\"article:modified_time\" content=\"2016-10-01T23:43:19+00:00\" \/>\n<meta property=\"og:image\" content=\"https:\/\/actiongroup.com.ar\/wp-content\/uploads\/2011\/02\/manual-crisis4_grande.jpg\" \/>\n\t<meta property=\"og:image:width\" content=\"200\" \/>\n\t<meta property=\"og:image:height\" content=\"165\" \/>\n\t<meta property=\"og:image:type\" content=\"image\/jpeg\" \/>\n<meta name=\"author\" content=\"Lic. Viviana P. Liptzis\" \/>\n<meta name=\"twitter:card\" content=\"summary_large_image\" \/>\n<meta name=\"twitter:creator\" content=\"@actiongroup_ar\" \/>\n<meta name=\"twitter:site\" content=\"@actiongroup_ar\" \/>\n<meta name=\"twitter:label1\" content=\"Written by\" \/>\n\t<meta name=\"twitter:data1\" content=\"Lic. Viviana P. Liptzis\" \/>\n\t<meta name=\"twitter:label2\" content=\"Est. reading time\" \/>\n\t<meta name=\"twitter:data2\" content=\"3 minutes\" \/>\n<script type=\"application\/ld+json\" class=\"yoast-schema-graph\">{\"@context\":\"https:\\\/\\\/schema.org\",\"@graph\":[{\"@type\":\"Article\",\"@id\":\"https:\\\/\\\/actiongroup.com.ar\\\/mirar-hacia-adentro\\\/#article\",\"isPartOf\":{\"@id\":\"https:\\\/\\\/actiongroup.com.ar\\\/mirar-hacia-adentro\\\/\"},\"author\":{\"name\":\"Lic. Viviana P. Liptzis\",\"@id\":\"https:\\\/\\\/actiongroup.com.ar\\\/#\\\/schema\\\/person\\\/f90ca7f4041396d195d0212a037f62ae\"},\"headline\":\"Mirar hacia adentro\",\"datePublished\":\"2009-01-15T12:32:30+00:00\",\"dateModified\":\"2016-10-01T23:43:19+00:00\",\"mainEntityOfPage\":{\"@id\":\"https:\\\/\\\/actiongroup.com.ar\\\/mirar-hacia-adentro\\\/\"},\"wordCount\":652,\"publisher\":{\"@id\":\"https:\\\/\\\/actiongroup.com.ar\\\/#organization\"},\"image\":{\"@id\":\"https:\\\/\\\/actiongroup.com.ar\\\/mirar-hacia-adentro\\\/#primaryimage\"},\"thumbnailUrl\":\"https:\\\/\\\/actiongroup.com.ar\\\/wp-content\\\/uploads\\\/2011\\\/02\\\/manual-crisis4_grande.jpg\",\"articleSection\":[\"Coaching Ejecutivo\",\"Diagn\u00f3stico Organizacional y Plan de Acci\u00f3n\"],\"inLanguage\":\"en-US\"},{\"@type\":\"WebPage\",\"@id\":\"https:\\\/\\\/actiongroup.com.ar\\\/mirar-hacia-adentro\\\/\",\"url\":\"https:\\\/\\\/actiongroup.com.ar\\\/mirar-hacia-adentro\\\/\",\"name\":\"Mirar hacia adentro - Action Group, Education &amp; Consulting\",\"isPartOf\":{\"@id\":\"https:\\\/\\\/actiongroup.com.ar\\\/#website\"},\"primaryImageOfPage\":{\"@id\":\"https:\\\/\\\/actiongroup.com.ar\\\/mirar-hacia-adentro\\\/#primaryimage\"},\"image\":{\"@id\":\"https:\\\/\\\/actiongroup.com.ar\\\/mirar-hacia-adentro\\\/#primaryimage\"},\"thumbnailUrl\":\"https:\\\/\\\/actiongroup.com.ar\\\/wp-content\\\/uploads\\\/2011\\\/02\\\/manual-crisis4_grande.jpg\",\"datePublished\":\"2009-01-15T12:32:30+00:00\",\"dateModified\":\"2016-10-01T23:43:19+00:00\",\"description\":\"Hace algunas semanas capt\u00f3 mi atenci\u00f3n el t\u00edtulo de tapa de la revista Caras y Caretas (mes de noviembre o diciembre, no recuerdo con exactitud). El\",\"breadcrumb\":{\"@id\":\"https:\\\/\\\/actiongroup.com.ar\\\/mirar-hacia-adentro\\\/#breadcrumb\"},\"inLanguage\":\"en-US\",\"potentialAction\":[{\"@type\":\"ReadAction\",\"target\":[\"https:\\\/\\\/actiongroup.com.ar\\\/mirar-hacia-adentro\\\/\"]}]},{\"@type\":\"ImageObject\",\"inLanguage\":\"en-US\",\"@id\":\"https:\\\/\\\/actiongroup.com.ar\\\/mirar-hacia-adentro\\\/#primaryimage\",\"url\":\"https:\\\/\\\/actiongroup.com.ar\\\/wp-content\\\/uploads\\\/2011\\\/02\\\/manual-crisis4_grande.jpg\",\"contentUrl\":\"https:\\\/\\\/actiongroup.com.ar\\\/wp-content\\\/uploads\\\/2011\\\/02\\\/manual-crisis4_grande.jpg\",\"width\":200,\"height\":165},{\"@type\":\"BreadcrumbList\",\"@id\":\"https:\\\/\\\/actiongroup.com.ar\\\/mirar-hacia-adentro\\\/#breadcrumb\",\"itemListElement\":[{\"@type\":\"ListItem\",\"position\":1,\"name\":\"Home\",\"item\":\"https:\\\/\\\/actiongroup.com.ar\\\/\"},{\"@type\":\"ListItem\",\"position\":2,\"name\":\"Mirar hacia adentro\"}]},{\"@type\":\"WebSite\",\"@id\":\"https:\\\/\\\/actiongroup.com.ar\\\/#website\",\"url\":\"https:\\\/\\\/actiongroup.com.ar\\\/\",\"name\":\"Action Group, Education &amp; Consulting\",\"description\":\"Desarrollo Organizacional, Excelencia Operacional, RRHH y Selecci\u00f3n\",\"publisher\":{\"@id\":\"https:\\\/\\\/actiongroup.com.ar\\\/#organization\"},\"potentialAction\":[{\"@type\":\"SearchAction\",\"target\":{\"@type\":\"EntryPoint\",\"urlTemplate\":\"https:\\\/\\\/actiongroup.com.ar\\\/?s={search_term_string}\"},\"query-input\":{\"@type\":\"PropertyValueSpecification\",\"valueRequired\":true,\"valueName\":\"search_term_string\"}}],\"inLanguage\":\"en-US\"},{\"@type\":\"Organization\",\"@id\":\"https:\\\/\\\/actiongroup.com.ar\\\/#organization\",\"name\":\"Action Group, Education & Consulting\",\"url\":\"https:\\\/\\\/actiongroup.com.ar\\\/\",\"logo\":{\"@type\":\"ImageObject\",\"inLanguage\":\"en-US\",\"@id\":\"https:\\\/\\\/actiongroup.com.ar\\\/#\\\/schema\\\/logo\\\/image\\\/\",\"url\":\"https:\\\/\\\/i1.wp.com\\\/www.actiongroup.com.ar\\\/wp-content\\\/uploads\\\/2016\\\/10\\\/logo.png?fit=342%2C69\",\"contentUrl\":\"https:\\\/\\\/i1.wp.com\\\/www.actiongroup.com.ar\\\/wp-content\\\/uploads\\\/2016\\\/10\\\/logo.png?fit=342%2C69\",\"width\":342,\"height\":69,\"caption\":\"Action Group, Education & Consulting\"},\"image\":{\"@id\":\"https:\\\/\\\/actiongroup.com.ar\\\/#\\\/schema\\\/logo\\\/image\\\/\"},\"sameAs\":[\"https:\\\/\\\/web.facebook.com\\\/ActionGroup\\\/?ref=ts&amp;amp;amp;fref=ts\",\"https:\\\/\\\/x.com\\\/actiongroup_ar\",\"https:\\\/\\\/ar.linkedin.com\\\/in\\\/ra\u00fal-a-perez-verzini-b5213b1\\\/es\"]},{\"@type\":\"Person\",\"@id\":\"https:\\\/\\\/actiongroup.com.ar\\\/#\\\/schema\\\/person\\\/f90ca7f4041396d195d0212a037f62ae\",\"name\":\"Lic. Viviana P. Liptzis\",\"image\":{\"@type\":\"ImageObject\",\"inLanguage\":\"en-US\",\"@id\":\"https:\\\/\\\/secure.gravatar.com\\\/avatar\\\/46c90ed25131d6e30aaa27d9fceb53871cf06621aa63b306042da9300bbb2fe9?s=96&d=mm&r=g\",\"url\":\"https:\\\/\\\/secure.gravatar.com\\\/avatar\\\/46c90ed25131d6e30aaa27d9fceb53871cf06621aa63b306042da9300bbb2fe9?s=96&d=mm&r=g\",\"contentUrl\":\"https:\\\/\\\/secure.gravatar.com\\\/avatar\\\/46c90ed25131d6e30aaa27d9fceb53871cf06621aa63b306042da9300bbb2fe9?s=96&d=mm&r=g\",\"caption\":\"Lic. Viviana P. Liptzis\"},\"description\":\"Magister en Desarrollo y Comportamiento Organizacional por la Universidad Diego Portales de Santiago de Chile. Graduada en Psicolog\u00eda por la Universidad Nacional de C\u00f3rdoba. Estudi\u00f3 en Brasil y Chile. Su especialidad es la Psicolog\u00eda Organizacional. Director Consultor de Action Group, Education &amp; Consulting,\",\"sameAs\":[\"http:\\\/\\\/www.sermujerhoy.com\",\"http:\\\/\\\/ar.linkedin.com\\\/pub\\\/viviana-liptzis\\\/\"],\"url\":\"https:\\\/\\\/actiongroup.com.ar\\\/en\\\/author\\\/viviana\\\/\"}]}<\/script>\n<!-- \/ Yoast SEO plugin. -->","yoast_head_json":{"title":"Looking Inward - Action Group, Education &amp; Consulting","description":"A few weeks ago, the title of the cover of Caras y Caretas magazine caught my attention (it was in November or December, I don&#039;t remember exactly).","robots":{"index":"index","follow":"follow","max-snippet":"max-snippet:-1","max-image-preview":"max-image-preview:large","max-video-preview":"max-video-preview:-1"},"canonical":"https:\/\/actiongroup.com.ar\/en\/mirar-hacia-adentro\/","og_locale":"en_US","og_type":"article","og_title":"Mirar hacia adentro - Action Group, Education &amp; Consulting","og_description":"Hace algunas semanas capt\u00f3 mi atenci\u00f3n el t\u00edtulo de tapa de la revista Caras y Caretas (mes de noviembre o diciembre, no recuerdo con exactitud). El","og_url":"https:\/\/actiongroup.com.ar\/en\/mirar-hacia-adentro\/","og_site_name":"Action Group, Education &amp; Consulting","article_publisher":"https:\/\/web.facebook.com\/ActionGroup\/?ref=ts&amp%3bamp%3bamp%3bfref=ts","article_published_time":"2009-01-15T12:32:30+00:00","article_modified_time":"2016-10-01T23:43:19+00:00","og_image":[{"width":200,"height":165,"url":"https:\/\/actiongroup.com.ar\/wp-content\/uploads\/2011\/02\/manual-crisis4_grande.jpg","type":"image\/jpeg"}],"author":"Lic. Viviana P. Liptzis","twitter_card":"summary_large_image","twitter_creator":"@actiongroup_ar","twitter_site":"@actiongroup_ar","twitter_misc":{"Written by":"Lic. Viviana P. Liptzis","Est. reading time":"3 minutes"},"schema":{"@context":"https:\/\/schema.org","@graph":[{"@type":"Article","@id":"https:\/\/actiongroup.com.ar\/mirar-hacia-adentro\/#article","isPartOf":{"@id":"https:\/\/actiongroup.com.ar\/mirar-hacia-adentro\/"},"author":{"name":"Lic. Viviana P. Liptzis","@id":"https:\/\/actiongroup.com.ar\/#\/schema\/person\/f90ca7f4041396d195d0212a037f62ae"},"headline":"Mirar hacia adentro","datePublished":"2009-01-15T12:32:30+00:00","dateModified":"2016-10-01T23:43:19+00:00","mainEntityOfPage":{"@id":"https:\/\/actiongroup.com.ar\/mirar-hacia-adentro\/"},"wordCount":652,"publisher":{"@id":"https:\/\/actiongroup.com.ar\/#organization"},"image":{"@id":"https:\/\/actiongroup.com.ar\/mirar-hacia-adentro\/#primaryimage"},"thumbnailUrl":"https:\/\/actiongroup.com.ar\/wp-content\/uploads\/2011\/02\/manual-crisis4_grande.jpg","articleSection":["Coaching Ejecutivo","Diagn\u00f3stico Organizacional y Plan de Acci\u00f3n"],"inLanguage":"en-US"},{"@type":"WebPage","@id":"https:\/\/actiongroup.com.ar\/mirar-hacia-adentro\/","url":"https:\/\/actiongroup.com.ar\/mirar-hacia-adentro\/","name":"Looking Inward - Action Group, Education &amp; Consulting","isPartOf":{"@id":"https:\/\/actiongroup.com.ar\/#website"},"primaryImageOfPage":{"@id":"https:\/\/actiongroup.com.ar\/mirar-hacia-adentro\/#primaryimage"},"image":{"@id":"https:\/\/actiongroup.com.ar\/mirar-hacia-adentro\/#primaryimage"},"thumbnailUrl":"https:\/\/actiongroup.com.ar\/wp-content\/uploads\/2011\/02\/manual-crisis4_grande.jpg","datePublished":"2009-01-15T12:32:30+00:00","dateModified":"2016-10-01T23:43:19+00:00","description":"A few weeks ago, the title of the cover of Caras y Caretas magazine caught my attention (it was in November or December, I don&#039;t remember exactly).","breadcrumb":{"@id":"https:\/\/actiongroup.com.ar\/mirar-hacia-adentro\/#breadcrumb"},"inLanguage":"en-US","potentialAction":[{"@type":"ReadAction","target":["https:\/\/actiongroup.com.ar\/mirar-hacia-adentro\/"]}]},{"@type":"ImageObject","inLanguage":"en-US","@id":"https:\/\/actiongroup.com.ar\/mirar-hacia-adentro\/#primaryimage","url":"https:\/\/actiongroup.com.ar\/wp-content\/uploads\/2011\/02\/manual-crisis4_grande.jpg","contentUrl":"https:\/\/actiongroup.com.ar\/wp-content\/uploads\/2011\/02\/manual-crisis4_grande.jpg","width":200,"height":165},{"@type":"BreadcrumbList","@id":"https:\/\/actiongroup.com.ar\/mirar-hacia-adentro\/#breadcrumb","itemListElement":[{"@type":"ListItem","position":1,"name":"Home","item":"https:\/\/actiongroup.com.ar\/"},{"@type":"ListItem","position":2,"name":"Mirar hacia adentro"}]},{"@type":"WebSite","@id":"https:\/\/actiongroup.com.ar\/#website","url":"https:\/\/actiongroup.com.ar\/","name":"Action Group, Education &amp; Consulting","description":"Organizational Development, Operational Excellence, HR and Selection","publisher":{"@id":"https:\/\/actiongroup.com.ar\/#organization"},"potentialAction":[{"@type":"SearchAction","target":{"@type":"EntryPoint","urlTemplate":"https:\/\/actiongroup.com.ar\/?s={search_term_string}"},"query-input":{"@type":"PropertyValueSpecification","valueRequired":true,"valueName":"search_term_string"}}],"inLanguage":"en-US"},{"@type":"Organization","@id":"https:\/\/actiongroup.com.ar\/#organization","name":"Action Group, Education &amp; Consulting","url":"https:\/\/actiongroup.com.ar\/","logo":{"@type":"ImageObject","inLanguage":"en-US","@id":"https:\/\/actiongroup.com.ar\/#\/schema\/logo\/image\/","url":"https:\/\/i1.wp.com\/www.actiongroup.com.ar\/wp-content\/uploads\/2016\/10\/logo.png?fit=342%2C69","contentUrl":"https:\/\/i1.wp.com\/www.actiongroup.com.ar\/wp-content\/uploads\/2016\/10\/logo.png?fit=342%2C69","width":342,"height":69,"caption":"Action Group, Education & Consulting"},"image":{"@id":"https:\/\/actiongroup.com.ar\/#\/schema\/logo\/image\/"},"sameAs":["https:\/\/web.facebook.com\/ActionGroup\/?ref=ts&amp;amp;amp;fref=ts","https:\/\/x.com\/actiongroup_ar","https:\/\/ar.linkedin.com\/in\/ra\u00fal-a-perez-verzini-b5213b1\/es"]},{"@type":"Person","@id":"https:\/\/actiongroup.com.ar\/#\/schema\/person\/f90ca7f4041396d195d0212a037f62ae","name":"Lic. Viviana P. Liptzis","image":{"@type":"ImageObject","inLanguage":"en-US","@id":"https:\/\/secure.gravatar.com\/avatar\/46c90ed25131d6e30aaa27d9fceb53871cf06621aa63b306042da9300bbb2fe9?s=96&d=mm&r=g","url":"https:\/\/secure.gravatar.com\/avatar\/46c90ed25131d6e30aaa27d9fceb53871cf06621aa63b306042da9300bbb2fe9?s=96&d=mm&r=g","contentUrl":"https:\/\/secure.gravatar.com\/avatar\/46c90ed25131d6e30aaa27d9fceb53871cf06621aa63b306042da9300bbb2fe9?s=96&d=mm&r=g","caption":"Lic. Viviana P. Liptzis"},"description":"Master&#039;s degree in Organizational Development and Behavior from Diego Portales University in Santiago, Chile. She holds a degree in Psychology from the National University of C\u00f3rdoba. She studied in Brazil and Chile. Her specialty is Organizational Psychology. She is a Consulting Director of Action Group, Education &amp; Consulting.","sameAs":["http:\/\/www.sermujerhoy.com","http:\/\/ar.linkedin.com\/pub\/viviana-liptzis\/"],"url":"https:\/\/actiongroup.com.ar\/en\/author\/viviana\/"}]}},"publishpress_future_action":{"enabled":false,"date":"2026-05-06 06:33:12","action":"change-status","newStatus":"draft","terms":[],"taxonomy":"category","extraData":[]},"publishpress_future_workflow_manual_trigger":{"enabledWorkflows":[]},"_links":{"self":[{"href":"https:\/\/actiongroup.com.ar\/en\/wp-json\/wp\/v2\/posts\/904","targetHints":{"allow":["GET"]}}],"collection":[{"href":"https:\/\/actiongroup.com.ar\/en\/wp-json\/wp\/v2\/posts"}],"about":[{"href":"https:\/\/actiongroup.com.ar\/en\/wp-json\/wp\/v2\/types\/post"}],"author":[{"embeddable":true,"href":"https:\/\/actiongroup.com.ar\/en\/wp-json\/wp\/v2\/users\/3"}],"replies":[{"embeddable":true,"href":"https:\/\/actiongroup.com.ar\/en\/wp-json\/wp\/v2\/comments?post=904"}],"version-history":[{"count":3,"href":"https:\/\/actiongroup.com.ar\/en\/wp-json\/wp\/v2\/posts\/904\/revisions"}],"predecessor-version":[{"id":3026,"href":"https:\/\/actiongroup.com.ar\/en\/wp-json\/wp\/v2\/posts\/904\/revisions\/3026"}],"wp:featuredmedia":[{"embeddable":true,"href":"https:\/\/actiongroup.com.ar\/en\/wp-json\/wp\/v2\/media\/905"}],"wp:attachment":[{"href":"https:\/\/actiongroup.com.ar\/en\/wp-json\/wp\/v2\/media?parent=904"}],"wp:term":[{"taxonomy":"category","embeddable":true,"href":"https:\/\/actiongroup.com.ar\/en\/wp-json\/wp\/v2\/categories?post=904"},{"taxonomy":"post_tag","embeddable":true,"href":"https:\/\/actiongroup.com.ar\/en\/wp-json\/wp\/v2\/tags?post=904"}],"curies":[{"name":"wp","href":"https:\/\/api.w.org\/{rel}","templated":true}]}}