{"id":943,"date":"2009-11-15T10:33:11","date_gmt":"2009-11-15T13:33:11","guid":{"rendered":"http:\/\/actiongroup.com.ar\/?p=943"},"modified":"2016-10-01T19:08:21","modified_gmt":"2016-10-01T22:08:21","slug":"la-fabula-de-la-hormiga","status":"publish","type":"post","link":"https:\/\/actiongroup.com.ar\/en\/la-fabula-de-la-hormiga\/","title":{"rendered":"The fable of the ant"},"content":{"rendered":"<p><img loading=\"lazy\" decoding=\"async\" width=\"230\" height=\"275\" class=\"alignright size-full wp-image-944\" title=\"hotmiga_grande\" src=\"http:\/\/actiongroup.com.ar\/wp-content\/uploads\/2011\/02\/hotmiga_grande.jpg\" alt=\"\" \/>Every day, a little ant arrived at work very early and began her tasks without wasting any time. She was extremely productive and seemed very happy with her work.<\/p>\n<p>The manager, a lion, was always surprised to see her working unsupervised. Then he thought, &quot;If she can produce like this without anyone supervising her, she&#039;ll surely be able to do much more if she has a supervisor.&quot;<\/p>\n<p>That said, she sought out and recruited the cockroach, who had extensive experience as a manager and was known for preparing and presenting excellent reports.<\/p>\n<p>Their first decision was to install a clock at the entrance to monitor arrival and departure times.<\/p>\n<p>He also needed a secretary to help him write his reports. So he decided to hire the spider to also manage his files and monitor his phone calls.<\/p>\n<p>The lion was delighted with the reports the cockroach sent him and asked him to produce some graphs showing production ratios and an analysis of trends so he could use them for his own presentations to the board.<\/p>\n<p>The cockroach then had to buy a new computer, a laser printer, and hire the fly to manage the systems department.<\/p>\n<p>Meanwhile, the ant, who had once been so productive and relaxed, hated all the paperwork overload and endless meetings where he wasted most of his time. The lion then decided it was time to hire someone to take over the department where the ant works.<\/p>\n<p>The winner was the grasshopper, whose first decision was to replace the carpet and get an ergonomic chair for his office. He also needed a computer and a personal assistant, whom he brought from his old workplace to help him with scheduling and the Strategic Budget Control Plan.<\/p>\n<p>The place where the ant works is now sad, no one laughs anymore and everyone walks around worried\u2026<br \/>\nThis was reason enough for the grasshopper to convince the lion of the need to conduct an indoor climate survey. And since the lion had inspected the apartment where the ant worked, it was easy to see how productivity had significantly decreased during this time.<br \/>\nHis decision was to recruit the owl to conduct an audit and suggest solutions. After three months, he submitted his report and a final conclusion: the department is overstaffed.<br \/>\nGuess who they targeted first?<\/p>\n<p>To the ant!!!<\/p>\n<p>The causes?: showing a negative attitude and lack of motivation.<\/p>\n<p>Translator&#039;s note: The characters in this fable are fictitious. Any resemblance to individuals or events within the companies is\u2026<\/p>\n<p><strong>Mere coincidence??<\/strong><\/p>\n<p>The fable I&#039;m sharing with you made me think about situations that are experienced daily in organizations:<\/p>\n<ul>\n<li>Performance evaluation and management methodologies that always start \u201cfrom the bottom up.\u201d<\/li>\n<li>Management control reports where the results are very good in one column and terrible after the famous: &quot;administrative expenses&quot; or &quot;indirect costs.&quot;<\/li>\n<li>The belief that people who operate don&#039;t &quot;have a head&quot; and need some savior to think for them.<\/li>\n<li>The fear of the implementation of autonomous working groups, which results in the centralization of decisions on the desk, outside of &quot;<a href=\"http:\/\/actiongroup.com.ar\/en\/mejora_continua.htm\/\" target=\"_blank\">gemba<\/a>\u201d: the place where things happen.<\/li>\n<\/ul>\n<p>And the list could go on.<\/p>\n<p>I would like to invite you then to think about some concepts that, perhaps, will help us challenge stereotypes:<\/p>\n<ul>\n<li>The differences between \u201clabor\u201d and \u201cbrain and heart of labor.\u201d<\/li>\n<li>The decisions in \u201c<a href=\"mailto:http:\/\/actiongroup.com.ar\/mejora_continua.htm\" target=\"_blank\">gemba<\/a>\u201d versus decisions in the office.<\/li>\n<li>Excessive control versus training for autonomy and true teamwork.<\/li>\n<\/ul>\n<p>Isn&#039;t it time to start questioning other paradigms?<br \/>\nBecause, as an old Danish proverb says: \u201cHe who is afraid to ask is ashamed to learn.\u201d<\/p>\n<p>I hear you<\/p>","protected":false},"excerpt":{"rendered":"<p>Every day, a little ant arrived at work very early,\u2026 <\/p>","protected":false},"author":3,"featured_media":944,"comment_status":"open","ping_status":"open","sticky":false,"template":"","format":"standard","meta":{"_acf_changed":false,"_crdt_document":"","footnotes":""},"categories":[169],"tags":[],"class_list":["post-943","post","type-post","status-publish","format-standard","has-post-thumbnail","hentry","category-desarrollo-integral-del-area-de-recursos-humanos"],"acf":[],"yoast_head":"<!-- This site is optimized with the Yoast SEO plugin v27.5 - https:\/\/yoast.com\/product\/yoast-seo-wordpress\/ -->\n<title>La f\u00e1bula de la hormiga - Action Group, Education &amp; Consulting<\/title>\n<meta name=\"description\" content=\"Cada d\u00eda, una peque\u00f1a hormiga llegaba al trabajo muy temprano, y sin p\u00e9rdida de tiempo comenzaba sus tareas. Era sumamente productiva y se la ve\u00eda muy\" \/>\n<meta name=\"robots\" content=\"index, follow, max-snippet:-1, max-image-preview:large, max-video-preview:-1\" \/>\n<link rel=\"canonical\" href=\"https:\/\/actiongroup.com.ar\/en\/la-fabula-de-la-hormiga\/\" \/>\n<meta property=\"og:locale\" content=\"en_US\" \/>\n<meta property=\"og:type\" content=\"article\" \/>\n<meta property=\"og:title\" content=\"La f\u00e1bula de la hormiga - Action Group, Education &amp; Consulting\" \/>\n<meta property=\"og:description\" content=\"Cada d\u00eda, una peque\u00f1a hormiga llegaba al trabajo muy temprano, y sin p\u00e9rdida de tiempo comenzaba sus tareas. Era sumamente productiva y se la ve\u00eda muy\" \/>\n<meta property=\"og:url\" content=\"https:\/\/actiongroup.com.ar\/en\/la-fabula-de-la-hormiga\/\" \/>\n<meta property=\"og:site_name\" content=\"Action Group, Education &amp; Consulting\" \/>\n<meta property=\"article:publisher\" content=\"https:\/\/web.facebook.com\/ActionGroup\/?ref=ts&amp;amp%3bamp%3bamp%3bfref=ts\" \/>\n<meta property=\"article:published_time\" content=\"2009-11-15T13:33:11+00:00\" \/>\n<meta property=\"article:modified_time\" content=\"2016-10-01T22:08:21+00:00\" \/>\n<meta property=\"og:image\" content=\"https:\/\/actiongroup.com.ar\/wp-content\/uploads\/2011\/02\/hotmiga_grande.jpg\" \/>\n\t<meta property=\"og:image:width\" content=\"230\" \/>\n\t<meta property=\"og:image:height\" content=\"275\" \/>\n\t<meta property=\"og:image:type\" content=\"image\/jpeg\" \/>\n<meta name=\"author\" content=\"Lic. Viviana P. Liptzis\" \/>\n<meta name=\"twitter:card\" content=\"summary_large_image\" \/>\n<meta name=\"twitter:creator\" content=\"@actiongroup_ar\" \/>\n<meta name=\"twitter:site\" content=\"@actiongroup_ar\" \/>\n<meta name=\"twitter:label1\" content=\"Written by\" \/>\n\t<meta name=\"twitter:data1\" content=\"Lic. Viviana P. Liptzis\" \/>\n\t<meta name=\"twitter:label2\" content=\"Est. reading time\" \/>\n\t<meta name=\"twitter:data2\" content=\"4 minutes\" \/>\n<script type=\"application\/ld+json\" class=\"yoast-schema-graph\">{\"@context\":\"https:\\\/\\\/schema.org\",\"@graph\":[{\"@type\":\"Article\",\"@id\":\"https:\\\/\\\/actiongroup.com.ar\\\/la-fabula-de-la-hormiga\\\/#article\",\"isPartOf\":{\"@id\":\"https:\\\/\\\/actiongroup.com.ar\\\/la-fabula-de-la-hormiga\\\/\"},\"author\":{\"name\":\"Lic. Viviana P. Liptzis\",\"@id\":\"https:\\\/\\\/actiongroup.com.ar\\\/#\\\/schema\\\/person\\\/f90ca7f4041396d195d0212a037f62ae\"},\"headline\":\"La f\u00e1bula de la hormiga\",\"datePublished\":\"2009-11-15T13:33:11+00:00\",\"dateModified\":\"2016-10-01T22:08:21+00:00\",\"mainEntityOfPage\":{\"@id\":\"https:\\\/\\\/actiongroup.com.ar\\\/la-fabula-de-la-hormiga\\\/\"},\"wordCount\":721,\"commentCount\":0,\"publisher\":{\"@id\":\"https:\\\/\\\/actiongroup.com.ar\\\/#organization\"},\"image\":{\"@id\":\"https:\\\/\\\/actiongroup.com.ar\\\/la-fabula-de-la-hormiga\\\/#primaryimage\"},\"thumbnailUrl\":\"https:\\\/\\\/actiongroup.com.ar\\\/wp-content\\\/uploads\\\/2011\\\/02\\\/hotmiga_grande.jpg\",\"articleSection\":[\"Desarrollo Integral del \u00c1rea de Recursos Humanos\"],\"inLanguage\":\"en-US\",\"potentialAction\":[{\"@type\":\"CommentAction\",\"name\":\"Comment\",\"target\":[\"https:\\\/\\\/actiongroup.com.ar\\\/la-fabula-de-la-hormiga\\\/#respond\"]}]},{\"@type\":\"WebPage\",\"@id\":\"https:\\\/\\\/actiongroup.com.ar\\\/la-fabula-de-la-hormiga\\\/\",\"url\":\"https:\\\/\\\/actiongroup.com.ar\\\/la-fabula-de-la-hormiga\\\/\",\"name\":\"La f\u00e1bula de la hormiga - Action Group, Education &amp; Consulting\",\"isPartOf\":{\"@id\":\"https:\\\/\\\/actiongroup.com.ar\\\/#website\"},\"primaryImageOfPage\":{\"@id\":\"https:\\\/\\\/actiongroup.com.ar\\\/la-fabula-de-la-hormiga\\\/#primaryimage\"},\"image\":{\"@id\":\"https:\\\/\\\/actiongroup.com.ar\\\/la-fabula-de-la-hormiga\\\/#primaryimage\"},\"thumbnailUrl\":\"https:\\\/\\\/actiongroup.com.ar\\\/wp-content\\\/uploads\\\/2011\\\/02\\\/hotmiga_grande.jpg\",\"datePublished\":\"2009-11-15T13:33:11+00:00\",\"dateModified\":\"2016-10-01T22:08:21+00:00\",\"description\":\"Cada d\u00eda, una peque\u00f1a hormiga llegaba al trabajo muy temprano, y sin p\u00e9rdida de tiempo comenzaba sus tareas. Era sumamente productiva y se la ve\u00eda muy\",\"breadcrumb\":{\"@id\":\"https:\\\/\\\/actiongroup.com.ar\\\/la-fabula-de-la-hormiga\\\/#breadcrumb\"},\"inLanguage\":\"en-US\",\"potentialAction\":[{\"@type\":\"ReadAction\",\"target\":[\"https:\\\/\\\/actiongroup.com.ar\\\/la-fabula-de-la-hormiga\\\/\"]}]},{\"@type\":\"ImageObject\",\"inLanguage\":\"en-US\",\"@id\":\"https:\\\/\\\/actiongroup.com.ar\\\/la-fabula-de-la-hormiga\\\/#primaryimage\",\"url\":\"https:\\\/\\\/actiongroup.com.ar\\\/wp-content\\\/uploads\\\/2011\\\/02\\\/hotmiga_grande.jpg\",\"contentUrl\":\"https:\\\/\\\/actiongroup.com.ar\\\/wp-content\\\/uploads\\\/2011\\\/02\\\/hotmiga_grande.jpg\",\"width\":230,\"height\":275},{\"@type\":\"BreadcrumbList\",\"@id\":\"https:\\\/\\\/actiongroup.com.ar\\\/la-fabula-de-la-hormiga\\\/#breadcrumb\",\"itemListElement\":[{\"@type\":\"ListItem\",\"position\":1,\"name\":\"Home\",\"item\":\"https:\\\/\\\/actiongroup.com.ar\\\/\"},{\"@type\":\"ListItem\",\"position\":2,\"name\":\"La f\u00e1bula de la hormiga\"}]},{\"@type\":\"WebSite\",\"@id\":\"https:\\\/\\\/actiongroup.com.ar\\\/#website\",\"url\":\"https:\\\/\\\/actiongroup.com.ar\\\/\",\"name\":\"Action Group, Education &amp; Consulting\",\"description\":\"Desarrollo Organizacional, Excelencia Operacional, RRHH y Selecci\u00f3n\",\"publisher\":{\"@id\":\"https:\\\/\\\/actiongroup.com.ar\\\/#organization\"},\"potentialAction\":[{\"@type\":\"SearchAction\",\"target\":{\"@type\":\"EntryPoint\",\"urlTemplate\":\"https:\\\/\\\/actiongroup.com.ar\\\/?s={search_term_string}\"},\"query-input\":{\"@type\":\"PropertyValueSpecification\",\"valueRequired\":true,\"valueName\":\"search_term_string\"}}],\"inLanguage\":\"en-US\"},{\"@type\":\"Organization\",\"@id\":\"https:\\\/\\\/actiongroup.com.ar\\\/#organization\",\"name\":\"Action Group, Education & Consulting\",\"url\":\"https:\\\/\\\/actiongroup.com.ar\\\/\",\"logo\":{\"@type\":\"ImageObject\",\"inLanguage\":\"en-US\",\"@id\":\"https:\\\/\\\/actiongroup.com.ar\\\/#\\\/schema\\\/logo\\\/image\\\/\",\"url\":\"https:\\\/\\\/i1.wp.com\\\/www.actiongroup.com.ar\\\/wp-content\\\/uploads\\\/2016\\\/10\\\/logo.png?fit=342%2C69\",\"contentUrl\":\"https:\\\/\\\/i1.wp.com\\\/www.actiongroup.com.ar\\\/wp-content\\\/uploads\\\/2016\\\/10\\\/logo.png?fit=342%2C69\",\"width\":342,\"height\":69,\"caption\":\"Action Group, Education & Consulting\"},\"image\":{\"@id\":\"https:\\\/\\\/actiongroup.com.ar\\\/#\\\/schema\\\/logo\\\/image\\\/\"},\"sameAs\":[\"https:\\\/\\\/web.facebook.com\\\/ActionGroup\\\/?ref=ts&amp;amp;amp;fref=ts\",\"https:\\\/\\\/x.com\\\/actiongroup_ar\",\"https:\\\/\\\/ar.linkedin.com\\\/in\\\/ra\u00fal-a-perez-verzini-b5213b1\\\/es\"]},{\"@type\":\"Person\",\"@id\":\"https:\\\/\\\/actiongroup.com.ar\\\/#\\\/schema\\\/person\\\/f90ca7f4041396d195d0212a037f62ae\",\"name\":\"Lic. Viviana P. Liptzis\",\"image\":{\"@type\":\"ImageObject\",\"inLanguage\":\"en-US\",\"@id\":\"https:\\\/\\\/secure.gravatar.com\\\/avatar\\\/46c90ed25131d6e30aaa27d9fceb53871cf06621aa63b306042da9300bbb2fe9?s=96&d=mm&r=g\",\"url\":\"https:\\\/\\\/secure.gravatar.com\\\/avatar\\\/46c90ed25131d6e30aaa27d9fceb53871cf06621aa63b306042da9300bbb2fe9?s=96&d=mm&r=g\",\"contentUrl\":\"https:\\\/\\\/secure.gravatar.com\\\/avatar\\\/46c90ed25131d6e30aaa27d9fceb53871cf06621aa63b306042da9300bbb2fe9?s=96&d=mm&r=g\",\"caption\":\"Lic. Viviana P. Liptzis\"},\"description\":\"Magister en Desarrollo y Comportamiento Organizacional por la Universidad Diego Portales de Santiago de Chile. Graduada en Psicolog\u00eda por la Universidad Nacional de C\u00f3rdoba. Estudi\u00f3 en Brasil y Chile. Su especialidad es la Psicolog\u00eda Organizacional. Director Consultor de Action Group, Education &amp; Consulting,\",\"sameAs\":[\"http:\\\/\\\/www.sermujerhoy.com\",\"http:\\\/\\\/ar.linkedin.com\\\/pub\\\/viviana-liptzis\\\/\"],\"url\":\"https:\\\/\\\/actiongroup.com.ar\\\/en\\\/author\\\/viviana\\\/\"}]}<\/script>\n<!-- \/ Yoast SEO plugin. -->","yoast_head_json":{"title":"The Fable of the Ant - Action Group, Education &amp; Consulting","description":"Every day, a little ant would arrive at work very early, and without wasting any time, she would start her tasks. She was extremely productive and looked very","robots":{"index":"index","follow":"follow","max-snippet":"max-snippet:-1","max-image-preview":"max-image-preview:large","max-video-preview":"max-video-preview:-1"},"canonical":"https:\/\/actiongroup.com.ar\/en\/la-fabula-de-la-hormiga\/","og_locale":"en_US","og_type":"article","og_title":"La f\u00e1bula de la hormiga - Action Group, Education &amp; Consulting","og_description":"Cada d\u00eda, una peque\u00f1a hormiga llegaba al trabajo muy temprano, y sin p\u00e9rdida de tiempo comenzaba sus tareas. Era sumamente productiva y se la ve\u00eda muy","og_url":"https:\/\/actiongroup.com.ar\/en\/la-fabula-de-la-hormiga\/","og_site_name":"Action Group, Education &amp; Consulting","article_publisher":"https:\/\/web.facebook.com\/ActionGroup\/?ref=ts&amp%3bamp%3bamp%3bfref=ts","article_published_time":"2009-11-15T13:33:11+00:00","article_modified_time":"2016-10-01T22:08:21+00:00","og_image":[{"width":230,"height":275,"url":"https:\/\/actiongroup.com.ar\/wp-content\/uploads\/2011\/02\/hotmiga_grande.jpg","type":"image\/jpeg"}],"author":"Lic. Viviana P. Liptzis","twitter_card":"summary_large_image","twitter_creator":"@actiongroup_ar","twitter_site":"@actiongroup_ar","twitter_misc":{"Written by":"Lic. Viviana P. Liptzis","Est. reading time":"4 minutes"},"schema":{"@context":"https:\/\/schema.org","@graph":[{"@type":"Article","@id":"https:\/\/actiongroup.com.ar\/la-fabula-de-la-hormiga\/#article","isPartOf":{"@id":"https:\/\/actiongroup.com.ar\/la-fabula-de-la-hormiga\/"},"author":{"name":"Lic. Viviana P. Liptzis","@id":"https:\/\/actiongroup.com.ar\/#\/schema\/person\/f90ca7f4041396d195d0212a037f62ae"},"headline":"La f\u00e1bula de la hormiga","datePublished":"2009-11-15T13:33:11+00:00","dateModified":"2016-10-01T22:08:21+00:00","mainEntityOfPage":{"@id":"https:\/\/actiongroup.com.ar\/la-fabula-de-la-hormiga\/"},"wordCount":721,"commentCount":0,"publisher":{"@id":"https:\/\/actiongroup.com.ar\/#organization"},"image":{"@id":"https:\/\/actiongroup.com.ar\/la-fabula-de-la-hormiga\/#primaryimage"},"thumbnailUrl":"https:\/\/actiongroup.com.ar\/wp-content\/uploads\/2011\/02\/hotmiga_grande.jpg","articleSection":["Desarrollo Integral del \u00c1rea de Recursos Humanos"],"inLanguage":"en-US","potentialAction":[{"@type":"CommentAction","name":"Comment","target":["https:\/\/actiongroup.com.ar\/la-fabula-de-la-hormiga\/#respond"]}]},{"@type":"WebPage","@id":"https:\/\/actiongroup.com.ar\/la-fabula-de-la-hormiga\/","url":"https:\/\/actiongroup.com.ar\/la-fabula-de-la-hormiga\/","name":"The Fable of the Ant - Action Group, Education &amp; Consulting","isPartOf":{"@id":"https:\/\/actiongroup.com.ar\/#website"},"primaryImageOfPage":{"@id":"https:\/\/actiongroup.com.ar\/la-fabula-de-la-hormiga\/#primaryimage"},"image":{"@id":"https:\/\/actiongroup.com.ar\/la-fabula-de-la-hormiga\/#primaryimage"},"thumbnailUrl":"https:\/\/actiongroup.com.ar\/wp-content\/uploads\/2011\/02\/hotmiga_grande.jpg","datePublished":"2009-11-15T13:33:11+00:00","dateModified":"2016-10-01T22:08:21+00:00","description":"Every day, a little ant would arrive at work very early, and without wasting any time, she would start her tasks. She was extremely productive and looked very","breadcrumb":{"@id":"https:\/\/actiongroup.com.ar\/la-fabula-de-la-hormiga\/#breadcrumb"},"inLanguage":"en-US","potentialAction":[{"@type":"ReadAction","target":["https:\/\/actiongroup.com.ar\/la-fabula-de-la-hormiga\/"]}]},{"@type":"ImageObject","inLanguage":"en-US","@id":"https:\/\/actiongroup.com.ar\/la-fabula-de-la-hormiga\/#primaryimage","url":"https:\/\/actiongroup.com.ar\/wp-content\/uploads\/2011\/02\/hotmiga_grande.jpg","contentUrl":"https:\/\/actiongroup.com.ar\/wp-content\/uploads\/2011\/02\/hotmiga_grande.jpg","width":230,"height":275},{"@type":"BreadcrumbList","@id":"https:\/\/actiongroup.com.ar\/la-fabula-de-la-hormiga\/#breadcrumb","itemListElement":[{"@type":"ListItem","position":1,"name":"Home","item":"https:\/\/actiongroup.com.ar\/"},{"@type":"ListItem","position":2,"name":"La f\u00e1bula de la hormiga"}]},{"@type":"WebSite","@id":"https:\/\/actiongroup.com.ar\/#website","url":"https:\/\/actiongroup.com.ar\/","name":"Action Group, Education &amp; Consulting","description":"Organizational Development, Operational Excellence, HR and Selection","publisher":{"@id":"https:\/\/actiongroup.com.ar\/#organization"},"potentialAction":[{"@type":"SearchAction","target":{"@type":"EntryPoint","urlTemplate":"https:\/\/actiongroup.com.ar\/?s={search_term_string}"},"query-input":{"@type":"PropertyValueSpecification","valueRequired":true,"valueName":"search_term_string"}}],"inLanguage":"en-US"},{"@type":"Organization","@id":"https:\/\/actiongroup.com.ar\/#organization","name":"Action Group, Education &amp; Consulting","url":"https:\/\/actiongroup.com.ar\/","logo":{"@type":"ImageObject","inLanguage":"en-US","@id":"https:\/\/actiongroup.com.ar\/#\/schema\/logo\/image\/","url":"https:\/\/i1.wp.com\/www.actiongroup.com.ar\/wp-content\/uploads\/2016\/10\/logo.png?fit=342%2C69","contentUrl":"https:\/\/i1.wp.com\/www.actiongroup.com.ar\/wp-content\/uploads\/2016\/10\/logo.png?fit=342%2C69","width":342,"height":69,"caption":"Action Group, Education & Consulting"},"image":{"@id":"https:\/\/actiongroup.com.ar\/#\/schema\/logo\/image\/"},"sameAs":["https:\/\/web.facebook.com\/ActionGroup\/?ref=ts&amp;amp;amp;fref=ts","https:\/\/x.com\/actiongroup_ar","https:\/\/ar.linkedin.com\/in\/ra\u00fal-a-perez-verzini-b5213b1\/es"]},{"@type":"Person","@id":"https:\/\/actiongroup.com.ar\/#\/schema\/person\/f90ca7f4041396d195d0212a037f62ae","name":"Lic. Viviana P. Liptzis","image":{"@type":"ImageObject","inLanguage":"en-US","@id":"https:\/\/secure.gravatar.com\/avatar\/46c90ed25131d6e30aaa27d9fceb53871cf06621aa63b306042da9300bbb2fe9?s=96&d=mm&r=g","url":"https:\/\/secure.gravatar.com\/avatar\/46c90ed25131d6e30aaa27d9fceb53871cf06621aa63b306042da9300bbb2fe9?s=96&d=mm&r=g","contentUrl":"https:\/\/secure.gravatar.com\/avatar\/46c90ed25131d6e30aaa27d9fceb53871cf06621aa63b306042da9300bbb2fe9?s=96&d=mm&r=g","caption":"Lic. Viviana P. Liptzis"},"description":"Master&#039;s degree in Organizational Development and Behavior from Diego Portales University in Santiago, Chile. She holds a degree in Psychology from the National University of C\u00f3rdoba. She studied in Brazil and Chile. Her specialty is Organizational Psychology. She is a Consulting Director of Action Group, Education &amp; Consulting.","sameAs":["http:\/\/www.sermujerhoy.com","http:\/\/ar.linkedin.com\/pub\/viviana-liptzis\/"],"url":"https:\/\/actiongroup.com.ar\/en\/author\/viviana\/"}]}},"publishpress_future_action":{"enabled":false,"date":"2026-05-08 09:02:08","action":"change-status","newStatus":"draft","terms":[],"taxonomy":"category","extraData":[]},"publishpress_future_workflow_manual_trigger":{"enabledWorkflows":[]},"_links":{"self":[{"href":"https:\/\/actiongroup.com.ar\/en\/wp-json\/wp\/v2\/posts\/943","targetHints":{"allow":["GET"]}}],"collection":[{"href":"https:\/\/actiongroup.com.ar\/en\/wp-json\/wp\/v2\/posts"}],"about":[{"href":"https:\/\/actiongroup.com.ar\/en\/wp-json\/wp\/v2\/types\/post"}],"author":[{"embeddable":true,"href":"https:\/\/actiongroup.com.ar\/en\/wp-json\/wp\/v2\/users\/3"}],"replies":[{"embeddable":true,"href":"https:\/\/actiongroup.com.ar\/en\/wp-json\/wp\/v2\/comments?post=943"}],"version-history":[{"count":1,"href":"https:\/\/actiongroup.com.ar\/en\/wp-json\/wp\/v2\/posts\/943\/revisions"}],"predecessor-version":[{"id":2980,"href":"https:\/\/actiongroup.com.ar\/en\/wp-json\/wp\/v2\/posts\/943\/revisions\/2980"}],"wp:featuredmedia":[{"embeddable":true,"href":"https:\/\/actiongroup.com.ar\/en\/wp-json\/wp\/v2\/media\/944"}],"wp:attachment":[{"href":"https:\/\/actiongroup.com.ar\/en\/wp-json\/wp\/v2\/media?parent=943"}],"wp:term":[{"taxonomy":"category","embeddable":true,"href":"https:\/\/actiongroup.com.ar\/en\/wp-json\/wp\/v2\/categories?post=943"},{"taxonomy":"post_tag","embeddable":true,"href":"https:\/\/actiongroup.com.ar\/en\/wp-json\/wp\/v2\/tags?post=943"}],"curies":[{"name":"wp","href":"https:\/\/api.w.org\/{rel}","templated":true}]}}