{"id":960,"date":"2010-02-15T10:43:40","date_gmt":"2010-02-15T13:43:40","guid":{"rendered":"http:\/\/actiongroup.com.ar\/?p=960"},"modified":"2016-10-01T18:53:29","modified_gmt":"2016-10-01T21:53:29","slug":"evaluacion-integral-del-equipo-de-ventas","status":"publish","type":"post","link":"https:\/\/actiongroup.com.ar\/en\/evaluacion-integral-del-equipo-de-ventas\/","title":{"rendered":"Comprehensive Sales Team Assessment"},"content":{"rendered":"<p><img loading=\"lazy\" decoding=\"async\" class=\"alignright size-full wp-image-961\" title=\"large-sales-force\" src=\"http:\/\/actiongroup.com.ar\/wp-content\/uploads\/2011\/02\/fuerza-de-ventas-grande.jpg\" alt=\"\" width=\"230\" height=\"200\" \/>All of us who work in companies (industrial or service) know that the success of a sales transaction is largely linked to the nature of the interpersonal relationships between seller and buyer and, consequently, depends on the salesperson&#039;s personality traits. Moreover, experience teaches us that when a salesperson leaves the company, a large part of the client base leaves with them.<\/p>\n<p>It is in this sense that we believe it is not only valid, but fundamental, to explain a core of personality characteristics whose presence is indispensable for the professional success of the salesperson, regardless of the type and content of the sale, and also a set of interrelationships within the sales team that will achieve synergy and, consequently, the best results.<\/p>\n<p>It&#039;s common, then, for us to use general and specific tools in the selection process to assess a person&#039;s overall sales disposition and, at the same time, build an individual profile based on the personality traits that play a key role in sales professions.<\/p>\n<p>Now: what do we do when these salespeople aren&#039;t working alone? Or when the goals are for the sales team, not individual goals? (something we strongly support).<\/p>\n<p>That is why we think and propose the need for a <strong>comprehensive diagnosis of the sales team<\/strong>, where the analysis addresses the group as a whole and allows us to see the interactions and their results.<\/p>\n<p>To understand each other better, we need to see:<\/p>\n<p>\u2022 Motivators are assessed through a group activity that analyzes the reason for the behavior, the individual and organizational motivational axis: what are the individual motivators and how intense are they? What attitudes are the strongest? What are the group attitudes? What\/who dominates the commercial group?<\/p>\n<p>\u2022 Sales behaviors relate to how you sell, what sales style you have, and analyzing individual and group strengths and weaknesses, associating behaviors with results.<\/p>\n<p>The next step is to make sense of this in individual and group reports, highlighting strengths, weaknesses, and leverage points. Finally, we deliver a complete study with team maps and comparisons, bring the group together to present individual and group findings, and recommend action plans.<\/p>\n<p>We can say that if we have a &quot;sales team,&quot; we must evaluate it as such and not just individually. This way, we can verify its potential as a group, its weaknesses and strengths, and implement actions aimed at generating synergy between individual characteristics in pursuit of organizational goals.<\/p>\n<p>Since we&#039;re just getting started in the new year, we think this is a great topic to consider.<\/p>","protected":false},"excerpt":{"rendered":"<p>All of us who work in companies (industrial or service)\u2026 <\/p>","protected":false},"author":2,"featured_media":961,"comment_status":"open","ping_status":"open","sticky":false,"template":"","format":"standard","meta":{"_acf_changed":false,"_crdt_document":"","footnotes":""},"categories":[218],"tags":[],"class_list":["post-960","post","type-post","status-publish","format-standard","has-post-thumbnail","hentry","category-diagnostico-organizacional-y-plan-de-accion"],"acf":[],"yoast_head":"<!-- This site is optimized with the Yoast SEO plugin v27.5 - https:\/\/yoast.com\/product\/yoast-seo-wordpress\/ -->\n<title>Evaluaci\u00f3n Integral del Equipo de Ventas - Action Group, Education &amp; Consulting<\/title>\n<meta name=\"description\" content=\"Todos los que trabajamos en empresas (industriales o de servicios) sabemos que el \u00e9xito de una operaci\u00f3n de venta est\u00e1 ligado, en su mayor parte, a la\" \/>\n<meta name=\"robots\" content=\"index, follow, max-snippet:-1, max-image-preview:large, max-video-preview:-1\" \/>\n<link rel=\"canonical\" href=\"https:\/\/actiongroup.com.ar\/en\/evaluacion-integral-del-equipo-de-ventas\/\" \/>\n<meta property=\"og:locale\" content=\"en_US\" \/>\n<meta property=\"og:type\" content=\"article\" \/>\n<meta property=\"og:title\" content=\"Evaluaci\u00f3n Integral del Equipo de Ventas - Action Group, Education &amp; Consulting\" \/>\n<meta property=\"og:description\" content=\"Todos los que trabajamos en empresas (industriales o de servicios) sabemos que el \u00e9xito de una operaci\u00f3n de venta est\u00e1 ligado, en su mayor parte, a la\" \/>\n<meta property=\"og:url\" content=\"https:\/\/actiongroup.com.ar\/en\/evaluacion-integral-del-equipo-de-ventas\/\" \/>\n<meta property=\"og:site_name\" content=\"Action Group, Education &amp; Consulting\" \/>\n<meta property=\"article:publisher\" content=\"https:\/\/web.facebook.com\/ActionGroup\/?ref=ts&amp;amp%3bamp%3bamp%3bfref=ts\" \/>\n<meta property=\"article:published_time\" content=\"2010-02-15T13:43:40+00:00\" \/>\n<meta property=\"article:modified_time\" content=\"2016-10-01T21:53:29+00:00\" \/>\n<meta property=\"og:image\" content=\"https:\/\/actiongroup.com.ar\/wp-content\/uploads\/2011\/02\/fuerza-de-ventas-grande.jpg\" \/>\n\t<meta property=\"og:image:width\" content=\"230\" \/>\n\t<meta property=\"og:image:height\" content=\"200\" \/>\n\t<meta property=\"og:image:type\" content=\"image\/jpeg\" \/>\n<meta name=\"author\" content=\"Lic. Magdalena Busso\" \/>\n<meta name=\"twitter:card\" content=\"summary_large_image\" \/>\n<meta name=\"twitter:creator\" content=\"@actiongroup_ar\" \/>\n<meta name=\"twitter:site\" content=\"@actiongroup_ar\" \/>\n<meta name=\"twitter:label1\" content=\"Written by\" \/>\n\t<meta name=\"twitter:data1\" content=\"Lic. Magdalena Busso\" \/>\n\t<meta name=\"twitter:label2\" content=\"Est. reading time\" \/>\n\t<meta name=\"twitter:data2\" content=\"2 minutes\" \/>\n<script type=\"application\/ld+json\" class=\"yoast-schema-graph\">{\"@context\":\"https:\\\/\\\/schema.org\",\"@graph\":[{\"@type\":\"Article\",\"@id\":\"https:\\\/\\\/actiongroup.com.ar\\\/evaluacion-integral-del-equipo-de-ventas\\\/#article\",\"isPartOf\":{\"@id\":\"https:\\\/\\\/actiongroup.com.ar\\\/evaluacion-integral-del-equipo-de-ventas\\\/\"},\"author\":{\"name\":\"Lic. Magdalena Busso\",\"@id\":\"https:\\\/\\\/actiongroup.com.ar\\\/#\\\/schema\\\/person\\\/4d7d4ea239d54bc1d3a1f9b29fff1364\"},\"headline\":\"Evaluaci\u00f3n Integral del Equipo de Ventas\",\"datePublished\":\"2010-02-15T13:43:40+00:00\",\"dateModified\":\"2016-10-01T21:53:29+00:00\",\"mainEntityOfPage\":{\"@id\":\"https:\\\/\\\/actiongroup.com.ar\\\/evaluacion-integral-del-equipo-de-ventas\\\/\"},\"wordCount\":467,\"commentCount\":0,\"publisher\":{\"@id\":\"https:\\\/\\\/actiongroup.com.ar\\\/#organization\"},\"image\":{\"@id\":\"https:\\\/\\\/actiongroup.com.ar\\\/evaluacion-integral-del-equipo-de-ventas\\\/#primaryimage\"},\"thumbnailUrl\":\"https:\\\/\\\/actiongroup.com.ar\\\/wp-content\\\/uploads\\\/2011\\\/02\\\/fuerza-de-ventas-grande.jpg\",\"articleSection\":[\"Diagn\u00f3stico Organizacional y Plan de Acci\u00f3n\"],\"inLanguage\":\"en-US\",\"potentialAction\":[{\"@type\":\"CommentAction\",\"name\":\"Comment\",\"target\":[\"https:\\\/\\\/actiongroup.com.ar\\\/evaluacion-integral-del-equipo-de-ventas\\\/#respond\"]}]},{\"@type\":\"WebPage\",\"@id\":\"https:\\\/\\\/actiongroup.com.ar\\\/evaluacion-integral-del-equipo-de-ventas\\\/\",\"url\":\"https:\\\/\\\/actiongroup.com.ar\\\/evaluacion-integral-del-equipo-de-ventas\\\/\",\"name\":\"Evaluaci\u00f3n Integral del Equipo de Ventas - Action Group, Education &amp; Consulting\",\"isPartOf\":{\"@id\":\"https:\\\/\\\/actiongroup.com.ar\\\/#website\"},\"primaryImageOfPage\":{\"@id\":\"https:\\\/\\\/actiongroup.com.ar\\\/evaluacion-integral-del-equipo-de-ventas\\\/#primaryimage\"},\"image\":{\"@id\":\"https:\\\/\\\/actiongroup.com.ar\\\/evaluacion-integral-del-equipo-de-ventas\\\/#primaryimage\"},\"thumbnailUrl\":\"https:\\\/\\\/actiongroup.com.ar\\\/wp-content\\\/uploads\\\/2011\\\/02\\\/fuerza-de-ventas-grande.jpg\",\"datePublished\":\"2010-02-15T13:43:40+00:00\",\"dateModified\":\"2016-10-01T21:53:29+00:00\",\"description\":\"Todos los que trabajamos en empresas (industriales o de servicios) sabemos que el \u00e9xito de una operaci\u00f3n de venta est\u00e1 ligado, en su mayor parte, a la\",\"breadcrumb\":{\"@id\":\"https:\\\/\\\/actiongroup.com.ar\\\/evaluacion-integral-del-equipo-de-ventas\\\/#breadcrumb\"},\"inLanguage\":\"en-US\",\"potentialAction\":[{\"@type\":\"ReadAction\",\"target\":[\"https:\\\/\\\/actiongroup.com.ar\\\/evaluacion-integral-del-equipo-de-ventas\\\/\"]}]},{\"@type\":\"ImageObject\",\"inLanguage\":\"en-US\",\"@id\":\"https:\\\/\\\/actiongroup.com.ar\\\/evaluacion-integral-del-equipo-de-ventas\\\/#primaryimage\",\"url\":\"https:\\\/\\\/actiongroup.com.ar\\\/wp-content\\\/uploads\\\/2011\\\/02\\\/fuerza-de-ventas-grande.jpg\",\"contentUrl\":\"https:\\\/\\\/actiongroup.com.ar\\\/wp-content\\\/uploads\\\/2011\\\/02\\\/fuerza-de-ventas-grande.jpg\",\"width\":230,\"height\":200},{\"@type\":\"BreadcrumbList\",\"@id\":\"https:\\\/\\\/actiongroup.com.ar\\\/evaluacion-integral-del-equipo-de-ventas\\\/#breadcrumb\",\"itemListElement\":[{\"@type\":\"ListItem\",\"position\":1,\"name\":\"Home\",\"item\":\"https:\\\/\\\/actiongroup.com.ar\\\/\"},{\"@type\":\"ListItem\",\"position\":2,\"name\":\"Evaluaci\u00f3n Integral del Equipo de Ventas\"}]},{\"@type\":\"WebSite\",\"@id\":\"https:\\\/\\\/actiongroup.com.ar\\\/#website\",\"url\":\"https:\\\/\\\/actiongroup.com.ar\\\/\",\"name\":\"Action Group, Education &amp; Consulting\",\"description\":\"Desarrollo Organizacional, Excelencia Operacional, RRHH y Selecci\u00f3n\",\"publisher\":{\"@id\":\"https:\\\/\\\/actiongroup.com.ar\\\/#organization\"},\"potentialAction\":[{\"@type\":\"SearchAction\",\"target\":{\"@type\":\"EntryPoint\",\"urlTemplate\":\"https:\\\/\\\/actiongroup.com.ar\\\/?s={search_term_string}\"},\"query-input\":{\"@type\":\"PropertyValueSpecification\",\"valueRequired\":true,\"valueName\":\"search_term_string\"}}],\"inLanguage\":\"en-US\"},{\"@type\":\"Organization\",\"@id\":\"https:\\\/\\\/actiongroup.com.ar\\\/#organization\",\"name\":\"Action Group, Education & Consulting\",\"url\":\"https:\\\/\\\/actiongroup.com.ar\\\/\",\"logo\":{\"@type\":\"ImageObject\",\"inLanguage\":\"en-US\",\"@id\":\"https:\\\/\\\/actiongroup.com.ar\\\/#\\\/schema\\\/logo\\\/image\\\/\",\"url\":\"https:\\\/\\\/i1.wp.com\\\/www.actiongroup.com.ar\\\/wp-content\\\/uploads\\\/2016\\\/10\\\/logo.png?fit=342%2C69\",\"contentUrl\":\"https:\\\/\\\/i1.wp.com\\\/www.actiongroup.com.ar\\\/wp-content\\\/uploads\\\/2016\\\/10\\\/logo.png?fit=342%2C69\",\"width\":342,\"height\":69,\"caption\":\"Action Group, Education & Consulting\"},\"image\":{\"@id\":\"https:\\\/\\\/actiongroup.com.ar\\\/#\\\/schema\\\/logo\\\/image\\\/\"},\"sameAs\":[\"https:\\\/\\\/web.facebook.com\\\/ActionGroup\\\/?ref=ts&amp;amp;amp;fref=ts\",\"https:\\\/\\\/x.com\\\/actiongroup_ar\",\"https:\\\/\\\/ar.linkedin.com\\\/in\\\/ra\u00fal-a-perez-verzini-b5213b1\\\/es\"]},{\"@type\":\"Person\",\"@id\":\"https:\\\/\\\/actiongroup.com.ar\\\/#\\\/schema\\\/person\\\/4d7d4ea239d54bc1d3a1f9b29fff1364\",\"name\":\"Lic. Magdalena Busso\",\"image\":{\"@type\":\"ImageObject\",\"inLanguage\":\"en-US\",\"@id\":\"https:\\\/\\\/secure.gravatar.com\\\/avatar\\\/70bc8810bc89ae45cffcfd4a0bb1b1acf7022e591794395e326f78928cc6ae24?s=96&d=mm&r=g\",\"url\":\"https:\\\/\\\/secure.gravatar.com\\\/avatar\\\/70bc8810bc89ae45cffcfd4a0bb1b1acf7022e591794395e326f78928cc6ae24?s=96&d=mm&r=g\",\"contentUrl\":\"https:\\\/\\\/secure.gravatar.com\\\/avatar\\\/70bc8810bc89ae45cffcfd4a0bb1b1acf7022e591794395e326f78928cc6ae24?s=96&d=mm&r=g\",\"caption\":\"Lic. Magdalena Busso\"},\"description\":\"Es Licenciada en Comunicaci\u00f3n Social con orientaci\u00f3n en Comunicaci\u00f3n Institucional de la Escuela de Ciencias de la Informaci\u00f3n de la Universidad Nacional de C\u00f3rdoba. Es Licenciada en Recursos Humanos por el Instituto Universitario Aeron\u00e1utico. Posee un postgrado en Psicodiagn\u00f3stico. Especializada en Entrevistas y Selecci\u00f3n de Personal, trabaj\u00f3 tambi\u00e9n en Manager S.A, Consultora de personal donde realiz\u00f3 administraci\u00f3n de base de datos, entrevistas telef\u00f3nicas, pagos de sueldos, etc. Es Consultora Asociada de Action Group, Education &amp; Consulting. Sus hobbies son\",\"url\":\"https:\\\/\\\/actiongroup.com.ar\\\/en\\\/author\\\/magdalena\\\/\"}]}<\/script>\n<!-- \/ Yoast SEO plugin. -->","yoast_head_json":{"title":"Comprehensive Sales Team Assessment - Action Group, Education &amp; Consulting","description":"All of us who work in companies (industrial or service) know that the success of a sales operation is linked, for the most part, to the","robots":{"index":"index","follow":"follow","max-snippet":"max-snippet:-1","max-image-preview":"max-image-preview:large","max-video-preview":"max-video-preview:-1"},"canonical":"https:\/\/actiongroup.com.ar\/en\/evaluacion-integral-del-equipo-de-ventas\/","og_locale":"en_US","og_type":"article","og_title":"Evaluaci\u00f3n Integral del Equipo de Ventas - Action Group, Education &amp; Consulting","og_description":"Todos los que trabajamos en empresas (industriales o de servicios) sabemos que el \u00e9xito de una operaci\u00f3n de venta est\u00e1 ligado, en su mayor parte, a la","og_url":"https:\/\/actiongroup.com.ar\/en\/evaluacion-integral-del-equipo-de-ventas\/","og_site_name":"Action Group, Education &amp; Consulting","article_publisher":"https:\/\/web.facebook.com\/ActionGroup\/?ref=ts&amp%3bamp%3bamp%3bfref=ts","article_published_time":"2010-02-15T13:43:40+00:00","article_modified_time":"2016-10-01T21:53:29+00:00","og_image":[{"width":230,"height":200,"url":"https:\/\/actiongroup.com.ar\/wp-content\/uploads\/2011\/02\/fuerza-de-ventas-grande.jpg","type":"image\/jpeg"}],"author":"Lic. Magdalena Busso","twitter_card":"summary_large_image","twitter_creator":"@actiongroup_ar","twitter_site":"@actiongroup_ar","twitter_misc":{"Written by":"Lic. Magdalena Busso","Est. reading time":"2 minutes"},"schema":{"@context":"https:\/\/schema.org","@graph":[{"@type":"Article","@id":"https:\/\/actiongroup.com.ar\/evaluacion-integral-del-equipo-de-ventas\/#article","isPartOf":{"@id":"https:\/\/actiongroup.com.ar\/evaluacion-integral-del-equipo-de-ventas\/"},"author":{"name":"Lic. Magdalena Busso","@id":"https:\/\/actiongroup.com.ar\/#\/schema\/person\/4d7d4ea239d54bc1d3a1f9b29fff1364"},"headline":"Evaluaci\u00f3n Integral del Equipo de Ventas","datePublished":"2010-02-15T13:43:40+00:00","dateModified":"2016-10-01T21:53:29+00:00","mainEntityOfPage":{"@id":"https:\/\/actiongroup.com.ar\/evaluacion-integral-del-equipo-de-ventas\/"},"wordCount":467,"commentCount":0,"publisher":{"@id":"https:\/\/actiongroup.com.ar\/#organization"},"image":{"@id":"https:\/\/actiongroup.com.ar\/evaluacion-integral-del-equipo-de-ventas\/#primaryimage"},"thumbnailUrl":"https:\/\/actiongroup.com.ar\/wp-content\/uploads\/2011\/02\/fuerza-de-ventas-grande.jpg","articleSection":["Diagn\u00f3stico Organizacional y Plan de Acci\u00f3n"],"inLanguage":"en-US","potentialAction":[{"@type":"CommentAction","name":"Comment","target":["https:\/\/actiongroup.com.ar\/evaluacion-integral-del-equipo-de-ventas\/#respond"]}]},{"@type":"WebPage","@id":"https:\/\/actiongroup.com.ar\/evaluacion-integral-del-equipo-de-ventas\/","url":"https:\/\/actiongroup.com.ar\/evaluacion-integral-del-equipo-de-ventas\/","name":"Comprehensive Sales Team Assessment - Action Group, Education &amp; Consulting","isPartOf":{"@id":"https:\/\/actiongroup.com.ar\/#website"},"primaryImageOfPage":{"@id":"https:\/\/actiongroup.com.ar\/evaluacion-integral-del-equipo-de-ventas\/#primaryimage"},"image":{"@id":"https:\/\/actiongroup.com.ar\/evaluacion-integral-del-equipo-de-ventas\/#primaryimage"},"thumbnailUrl":"https:\/\/actiongroup.com.ar\/wp-content\/uploads\/2011\/02\/fuerza-de-ventas-grande.jpg","datePublished":"2010-02-15T13:43:40+00:00","dateModified":"2016-10-01T21:53:29+00:00","description":"All of us who work in companies (industrial or service) know that the success of a sales operation is linked, for the most part, to the","breadcrumb":{"@id":"https:\/\/actiongroup.com.ar\/evaluacion-integral-del-equipo-de-ventas\/#breadcrumb"},"inLanguage":"en-US","potentialAction":[{"@type":"ReadAction","target":["https:\/\/actiongroup.com.ar\/evaluacion-integral-del-equipo-de-ventas\/"]}]},{"@type":"ImageObject","inLanguage":"en-US","@id":"https:\/\/actiongroup.com.ar\/evaluacion-integral-del-equipo-de-ventas\/#primaryimage","url":"https:\/\/actiongroup.com.ar\/wp-content\/uploads\/2011\/02\/fuerza-de-ventas-grande.jpg","contentUrl":"https:\/\/actiongroup.com.ar\/wp-content\/uploads\/2011\/02\/fuerza-de-ventas-grande.jpg","width":230,"height":200},{"@type":"BreadcrumbList","@id":"https:\/\/actiongroup.com.ar\/evaluacion-integral-del-equipo-de-ventas\/#breadcrumb","itemListElement":[{"@type":"ListItem","position":1,"name":"Home","item":"https:\/\/actiongroup.com.ar\/"},{"@type":"ListItem","position":2,"name":"Evaluaci\u00f3n Integral del Equipo de Ventas"}]},{"@type":"WebSite","@id":"https:\/\/actiongroup.com.ar\/#website","url":"https:\/\/actiongroup.com.ar\/","name":"Action Group, Education &amp; Consulting","description":"Organizational Development, Operational Excellence, HR and Selection","publisher":{"@id":"https:\/\/actiongroup.com.ar\/#organization"},"potentialAction":[{"@type":"SearchAction","target":{"@type":"EntryPoint","urlTemplate":"https:\/\/actiongroup.com.ar\/?s={search_term_string}"},"query-input":{"@type":"PropertyValueSpecification","valueRequired":true,"valueName":"search_term_string"}}],"inLanguage":"en-US"},{"@type":"Organization","@id":"https:\/\/actiongroup.com.ar\/#organization","name":"Action Group, Education &amp; Consulting","url":"https:\/\/actiongroup.com.ar\/","logo":{"@type":"ImageObject","inLanguage":"en-US","@id":"https:\/\/actiongroup.com.ar\/#\/schema\/logo\/image\/","url":"https:\/\/i1.wp.com\/www.actiongroup.com.ar\/wp-content\/uploads\/2016\/10\/logo.png?fit=342%2C69","contentUrl":"https:\/\/i1.wp.com\/www.actiongroup.com.ar\/wp-content\/uploads\/2016\/10\/logo.png?fit=342%2C69","width":342,"height":69,"caption":"Action Group, Education & Consulting"},"image":{"@id":"https:\/\/actiongroup.com.ar\/#\/schema\/logo\/image\/"},"sameAs":["https:\/\/web.facebook.com\/ActionGroup\/?ref=ts&amp;amp;amp;fref=ts","https:\/\/x.com\/actiongroup_ar","https:\/\/ar.linkedin.com\/in\/ra\u00fal-a-perez-verzini-b5213b1\/es"]},{"@type":"Person","@id":"https:\/\/actiongroup.com.ar\/#\/schema\/person\/4d7d4ea239d54bc1d3a1f9b29fff1364","name":"Lic. Magdalena Busso","image":{"@type":"ImageObject","inLanguage":"en-US","@id":"https:\/\/secure.gravatar.com\/avatar\/70bc8810bc89ae45cffcfd4a0bb1b1acf7022e591794395e326f78928cc6ae24?s=96&d=mm&r=g","url":"https:\/\/secure.gravatar.com\/avatar\/70bc8810bc89ae45cffcfd4a0bb1b1acf7022e591794395e326f78928cc6ae24?s=96&d=mm&r=g","contentUrl":"https:\/\/secure.gravatar.com\/avatar\/70bc8810bc89ae45cffcfd4a0bb1b1acf7022e591794395e326f78928cc6ae24?s=96&d=mm&r=g","caption":"Lic. Magdalena Busso"},"description":"She holds a degree in Social Communication with a focus on Institutional Communication from the School of Information Sciences at the National University of C\u00f3rdoba. She holds a degree in Human Resources from the Aeronautical University Institute. She holds a postgraduate degree in Psychodiagnosis. Specializing in Personnel Interviews and Selection, she also worked at Manager SA, a personnel consulting firm, where she managed databases, conducted telephone interviews, and conducted salary payments. She is an Associate Consultant at Action Group, Education &amp; Consulting. Her hobbies include:","url":"https:\/\/actiongroup.com.ar\/en\/author\/magdalena\/"}]}},"publishpress_future_action":{"enabled":false,"date":"2026-05-08 11:32:39","action":"change-status","newStatus":"draft","terms":[],"taxonomy":"category","extraData":[]},"publishpress_future_workflow_manual_trigger":{"enabledWorkflows":[]},"_links":{"self":[{"href":"https:\/\/actiongroup.com.ar\/en\/wp-json\/wp\/v2\/posts\/960","targetHints":{"allow":["GET"]}}],"collection":[{"href":"https:\/\/actiongroup.com.ar\/en\/wp-json\/wp\/v2\/posts"}],"about":[{"href":"https:\/\/actiongroup.com.ar\/en\/wp-json\/wp\/v2\/types\/post"}],"author":[{"embeddable":true,"href":"https:\/\/actiongroup.com.ar\/en\/wp-json\/wp\/v2\/users\/2"}],"replies":[{"embeddable":true,"href":"https:\/\/actiongroup.com.ar\/en\/wp-json\/wp\/v2\/comments?post=960"}],"version-history":[{"count":1,"href":"https:\/\/actiongroup.com.ar\/en\/wp-json\/wp\/v2\/posts\/960\/revisions"}],"predecessor-version":[{"id":2978,"href":"https:\/\/actiongroup.com.ar\/en\/wp-json\/wp\/v2\/posts\/960\/revisions\/2978"}],"wp:featuredmedia":[{"embeddable":true,"href":"https:\/\/actiongroup.com.ar\/en\/wp-json\/wp\/v2\/media\/961"}],"wp:attachment":[{"href":"https:\/\/actiongroup.com.ar\/en\/wp-json\/wp\/v2\/media?parent=960"}],"wp:term":[{"taxonomy":"category","embeddable":true,"href":"https:\/\/actiongroup.com.ar\/en\/wp-json\/wp\/v2\/categories?post=960"},{"taxonomy":"post_tag","embeddable":true,"href":"https:\/\/actiongroup.com.ar\/en\/wp-json\/wp\/v2\/tags?post=960"}],"curies":[{"name":"wp","href":"https:\/\/api.w.org\/{rel}","templated":true}]}}