{"id":2455,"date":"2013-05-17T09:00:49","date_gmt":"2013-05-17T12:00:49","guid":{"rendered":"http:\/\/actiongroup.com.ar\/?p=2455"},"modified":"2018-02-17T16:53:53","modified_gmt":"2018-02-17T19:53:53","slug":"por-que-a-veces-gana-el-que-grita-mas-fuerte","status":"publish","type":"post","link":"https:\/\/actiongroup.com.ar\/es\/por-que-a-veces-gana-el-que-grita-mas-fuerte\/","title":{"rendered":"Por qu\u00e9 a veces gana el que grita m\u00e1s fuerte"},"content":{"rendered":"<p>Seguramente escucharon hablar o quiz\u00e1 peor a\u00fan sufrieron maltratos en el lugar de trabajo (en ingl\u00e9s: bullying).<\/p>\n<p>Sabemos que es mal\u00edsimo, que aumenta el ausentismo, la desmotivaci\u00f3n y , en algunos lugares, los juicios laborales. Tenemos claro que es disruptivo. Incluso a veces sospechamos con bastante certeza la cantidad de tiempo que las personas pierden tratando de manejar las agresiones de otros en lugar de producir, de crear, de pensar, de innovar, de resolver.<\/p>\n<p>Y aunque parezca incre\u00edble, la mayor\u00eda de las veces no se hace nada\u2026<img loading=\"lazy\" decoding=\"async\" class=\"alignright\" src=\"http:\/\/actiongroup.com.ar\/news\/news58\/bullying.jpg\" alt=\"Maltrato Laboral\" width=\"273\" height=\"300\" \/><\/p>\n<p>Pero \u00bfc\u00f3mo es que una persona de negocios adopta esta actitud? Asumiendo que esa persona no es en s\u00ed misma un maltratador, \u00bfest\u00e1 sancionando como corresponde este comportamiento destructivo y contraproducente?<\/p>\n<p>&nbsp;<\/p>\n<p>Algunas respuestas<\/p>\n<p>Lo m\u00e1s probable es que estemos \u201cnegando\u201d que eso existe y est\u00e1 sucediendo delante de nuestra propia nariz.<\/p>\n<p>Algunos creen que los jefes y gerentes deben ser duros y que hay colaboradores excesivamente susceptibles. Pero de all\u00ed a aceptar que se est\u00e9 haciendo un uso excesivo o malicioso del poder\u2026<\/p>\n<p>&nbsp;<\/p>\n<p>Malas noticias: los \u201cmalos\u201d no s\u00f3lo trabajan en las organizaciones de otros\u2026<\/p>\n<p>Y entonces \u00bfqu\u00e9 pasa?<\/p>\n<p>&nbsp;<\/p>\n<p><b>1.\u00a0\u00a0\u00a0\u00a0 <\/b><b>No queremos gestionar el conflicto<\/b><\/p>\n<p>Es comprensible: uno no quiere que lo molesten con peque\u00f1eces. \u00bfAcaso no es de adultos olvidarse y avanzar? Lo cierto es que en el fondo, ya conocemos la respuesta: podemos estar todos bajo un mismo techo (real o metaf\u00f3rico) pero tenemos distintas creencias y valores, agendas, motivaciones, deseos y formas de hacer las cosas. A pesar de eso, muchas veces somos capaces de encontrar puntos de contacto que nos permiten avanzar en el cumplimiento de objetivos.<\/p>\n<p>Otras veces no podemos y hay personas que ni siquiera est\u00e1n interesadas en hacer esto y prefieren intimidar, o incluso mentir.<\/p>\n<p>Lamentablemente, en estos casos, los responsables DEBEN dar un paso al frente y poner las cosas en claro: esta no es la forma en que nos tratamos ac\u00e1. Esta no es la forma en que nos relacionamos. Esta no es la forma en que gestionamos equipos para alcanzar metas.<\/p>\n<p>No siempre sucede porque\u2026<\/p>\n<p>&nbsp;<\/p>\n<p><b>2.\u00a0\u00a0\u00a0\u00a0 <\/b><b>Somos demasiado optimistas<\/b><\/p>\n<p>Tal vez el responsable sea del tipo de persona que piensa que si evita hacer frente al problema el tiempo suficiente, desaparece. Y a veces es cierto: algunas cuestiones tender\u00e1n a decrecer. Pero no exactamente estas. Los maltratadores suelen considerar que, si nadie hizo nada, entonces su comportamiento es acertado y se vuelven m\u00e1s agresivos y manipuladores, especialmente cuando necesitan o quieren algo.<\/p>\n<p>Y es mucho m\u00e1s f\u00e1cil mirar para otro lado cuando estamos frente a una persona t\u00e9cnicamente competente.<\/p>\n<p>&nbsp;<\/p>\n<p><b>3.\u00a0\u00a0\u00a0\u00a0 <\/b><b>Los colaboradores est\u00e1n tom\u00e1ndonos como ejemplos<\/b><\/p>\n<p>Las acciones y omisiones de los responsables dicen mucho m\u00e1s y mejor que cualquier discurso y declaraci\u00f3n corporativa de valores, sobre lo que es importante y lo que no lo es.<\/p>\n<p>Los maltratadores entonces reciben el mensaje de que pueden hacer lo que quieran sin interferencias.<\/p>\n<p>&nbsp;<\/p>\n<p><b>4.\u00a0\u00a0\u00a0\u00a0 <\/b><b>RRHH no tiene poder, no est\u00e1 entrenado, es ciego o todo lo anterior<\/b><\/p>\n<p>Asumiendo que el \u00e1rea de RRHH existe, seguramente ya avisaron del tema, no una vez sino varias\u2026 o son ellos mismos las v\u00edctimas del maltrato, o es dif\u00edcil discernir entre un conflicto de personalidad y un intento unilateral de dominar.<\/p>\n<p>Cualesquiera sean las razones, algunas \u00e1reas de RRHH suelen ser de poca utilidad en estos temas.<\/p>\n<p>&nbsp;<\/p>\n<p>As\u00ed que as\u00ed estamos: los maltratadores persisten simplemente porque tienen la posibilidad de hacerlo.<\/p>\n<p>Por eso creo que vale la pena detenerse a pensar un ratito aunque m\u00e1s no sea en el monto de energ\u00eda emocional que sus colaboradores gastan en soportar la situaci\u00f3n y que podr\u00edan aplicar a las resoluci\u00f3n de problemas y mejor atenci\u00f3n de los clientes.<\/p>\n<p>&nbsp;<\/p>\n<p>\u00bfQu\u00e9 queda por hacer? Sencillo: enfrentar y manejar el tema. Abrir los ojos. Invertir en capacitaci\u00f3n, en coaching y, por sobre todo, poner los puntos sobre las \u00edes con los protagonistas.<\/p>\n<p>Los que padecen estas situaciones, estar\u00e1n agradecidos!!<\/p>\n<p>&nbsp;<\/p>\n<p><em>Lic. Viviana Liptzis<\/em><br \/>\n<em>Magister en Desarrollo y Comportamiento Organizacional<\/em><\/p>\n<p>&nbsp;<\/p>\n","protected":false},"excerpt":{"rendered":"<p>Seguramente escucharon hablar o quiz\u00e1 peor a\u00fan sufrieron maltratos en&#8230; <\/p>\n","protected":false},"author":3,"featured_media":2516,"comment_status":"closed","ping_status":"open","sticky":false,"template":"","format":"standard","meta":{"_acf_changed":false,"_crdt_document":"","footnotes":""},"categories":[176,175],"tags":[209,186],"class_list":["post-2455","post","type-post","status-publish","format-standard","has-post-thumbnail","hentry","category-capacitacion-y-entrenamiento","category-coaching-ejecutivo","tag-maltrato-laboral","tag-trabajo-en-equipo"],"acf":[],"yoast_head":"<!-- This site is optimized with the Yoast SEO plugin v27.5 - https:\/\/yoast.com\/product\/yoast-seo-wordpress\/ -->\n<title>Por qu\u00e9 a veces gana el que grita m\u00e1s fuerte - Action Group, Education &amp; Consulting<\/title>\n<meta name=\"description\" content=\"El maltrato aunque inadmisible sigue siendo frecuente en las empresas\" \/>\n<meta name=\"robots\" content=\"index, follow, max-snippet:-1, max-image-preview:large, max-video-preview:-1\" \/>\n<link rel=\"canonical\" href=\"https:\/\/actiongroup.com.ar\/es\/por-que-a-veces-gana-el-que-grita-mas-fuerte\/\" \/>\n<meta property=\"og:locale\" content=\"es_ES\" \/>\n<meta property=\"og:type\" content=\"article\" \/>\n<meta property=\"og:title\" content=\"Por qu\u00e9 a veces gana el que grita m\u00e1s fuerte - Action Group, Education &amp; Consulting\" \/>\n<meta property=\"og:description\" content=\"El maltrato aunque inadmisible sigue siendo frecuente en las empresas\" \/>\n<meta property=\"og:url\" content=\"https:\/\/actiongroup.com.ar\/es\/por-que-a-veces-gana-el-que-grita-mas-fuerte\/\" \/>\n<meta property=\"og:site_name\" content=\"Action Group, Education &amp; Consulting\" \/>\n<meta property=\"article:publisher\" content=\"https:\/\/web.facebook.com\/ActionGroup\/?ref=ts&amp;amp%3bamp%3bamp%3bfref=ts\" \/>\n<meta property=\"article:published_time\" content=\"2013-05-17T12:00:49+00:00\" \/>\n<meta property=\"article:modified_time\" content=\"2018-02-17T19:53:53+00:00\" \/>\n<meta property=\"og:image\" content=\"https:\/\/actiongroup.com.ar\/wp-content\/uploads\/2013\/05\/bullying.jpg\" \/>\n\t<meta property=\"og:image:width\" content=\"273\" \/>\n\t<meta property=\"og:image:height\" content=\"300\" \/>\n\t<meta property=\"og:image:type\" content=\"image\/jpeg\" \/>\n<meta name=\"author\" content=\"Lic. Viviana P. Liptzis\" \/>\n<meta name=\"twitter:card\" content=\"summary_large_image\" \/>\n<meta name=\"twitter:creator\" content=\"@actiongroup_ar\" \/>\n<meta name=\"twitter:site\" content=\"@actiongroup_ar\" \/>\n<meta name=\"twitter:label1\" content=\"Escrito por\" \/>\n\t<meta name=\"twitter:data1\" content=\"Lic. Viviana P. Liptzis\" \/>\n\t<meta name=\"twitter:label2\" content=\"Tiempo de lectura\" \/>\n\t<meta name=\"twitter:data2\" content=\"3 minutos\" \/>\n<script type=\"application\/ld+json\" class=\"yoast-schema-graph\">{\"@context\":\"https:\\\/\\\/schema.org\",\"@graph\":[{\"@type\":\"Article\",\"@id\":\"https:\\\/\\\/actiongroup.com.ar\\\/por-que-a-veces-gana-el-que-grita-mas-fuerte\\\/#article\",\"isPartOf\":{\"@id\":\"https:\\\/\\\/actiongroup.com.ar\\\/por-que-a-veces-gana-el-que-grita-mas-fuerte\\\/\"},\"author\":{\"name\":\"Lic. Viviana P. Liptzis\",\"@id\":\"https:\\\/\\\/actiongroup.com.ar\\\/#\\\/schema\\\/person\\\/f90ca7f4041396d195d0212a037f62ae\"},\"headline\":\"Por qu\u00e9 a veces gana el que grita m\u00e1s fuerte\",\"datePublished\":\"2013-05-17T12:00:49+00:00\",\"dateModified\":\"2018-02-17T19:53:53+00:00\",\"mainEntityOfPage\":{\"@id\":\"https:\\\/\\\/actiongroup.com.ar\\\/por-que-a-veces-gana-el-que-grita-mas-fuerte\\\/\"},\"wordCount\":702,\"publisher\":{\"@id\":\"https:\\\/\\\/actiongroup.com.ar\\\/#organization\"},\"image\":{\"@id\":\"https:\\\/\\\/actiongroup.com.ar\\\/por-que-a-veces-gana-el-que-grita-mas-fuerte\\\/#primaryimage\"},\"thumbnailUrl\":\"https:\\\/\\\/actiongroup.com.ar\\\/wp-content\\\/uploads\\\/2013\\\/05\\\/bullying.jpg\",\"keywords\":[\"Maltrato Laboral\",\"Trabajo en Equipo\"],\"articleSection\":[\"Capacitaci\u00f3n y Entrenamiento\",\"Coaching Ejecutivo\"],\"inLanguage\":\"es-AR\"},{\"@type\":\"WebPage\",\"@id\":\"https:\\\/\\\/actiongroup.com.ar\\\/por-que-a-veces-gana-el-que-grita-mas-fuerte\\\/\",\"url\":\"https:\\\/\\\/actiongroup.com.ar\\\/por-que-a-veces-gana-el-que-grita-mas-fuerte\\\/\",\"name\":\"Por qu\u00e9 a veces gana el que grita m\u00e1s fuerte - Action Group, Education &amp; Consulting\",\"isPartOf\":{\"@id\":\"https:\\\/\\\/actiongroup.com.ar\\\/#website\"},\"primaryImageOfPage\":{\"@id\":\"https:\\\/\\\/actiongroup.com.ar\\\/por-que-a-veces-gana-el-que-grita-mas-fuerte\\\/#primaryimage\"},\"image\":{\"@id\":\"https:\\\/\\\/actiongroup.com.ar\\\/por-que-a-veces-gana-el-que-grita-mas-fuerte\\\/#primaryimage\"},\"thumbnailUrl\":\"https:\\\/\\\/actiongroup.com.ar\\\/wp-content\\\/uploads\\\/2013\\\/05\\\/bullying.jpg\",\"datePublished\":\"2013-05-17T12:00:49+00:00\",\"dateModified\":\"2018-02-17T19:53:53+00:00\",\"description\":\"El maltrato aunque inadmisible sigue siendo frecuente en las empresas\",\"breadcrumb\":{\"@id\":\"https:\\\/\\\/actiongroup.com.ar\\\/por-que-a-veces-gana-el-que-grita-mas-fuerte\\\/#breadcrumb\"},\"inLanguage\":\"es-AR\",\"potentialAction\":[{\"@type\":\"ReadAction\",\"target\":[\"https:\\\/\\\/actiongroup.com.ar\\\/por-que-a-veces-gana-el-que-grita-mas-fuerte\\\/\"]}]},{\"@type\":\"ImageObject\",\"inLanguage\":\"es-AR\",\"@id\":\"https:\\\/\\\/actiongroup.com.ar\\\/por-que-a-veces-gana-el-que-grita-mas-fuerte\\\/#primaryimage\",\"url\":\"https:\\\/\\\/actiongroup.com.ar\\\/wp-content\\\/uploads\\\/2013\\\/05\\\/bullying.jpg\",\"contentUrl\":\"https:\\\/\\\/actiongroup.com.ar\\\/wp-content\\\/uploads\\\/2013\\\/05\\\/bullying.jpg\",\"width\":273,\"height\":300},{\"@type\":\"BreadcrumbList\",\"@id\":\"https:\\\/\\\/actiongroup.com.ar\\\/por-que-a-veces-gana-el-que-grita-mas-fuerte\\\/#breadcrumb\",\"itemListElement\":[{\"@type\":\"ListItem\",\"position\":1,\"name\":\"Home\",\"item\":\"https:\\\/\\\/actiongroup.com.ar\\\/\"},{\"@type\":\"ListItem\",\"position\":2,\"name\":\"Por qu\u00e9 a veces gana el que grita m\u00e1s fuerte\"}]},{\"@type\":\"WebSite\",\"@id\":\"https:\\\/\\\/actiongroup.com.ar\\\/#website\",\"url\":\"https:\\\/\\\/actiongroup.com.ar\\\/\",\"name\":\"Action Group, Education &amp; Consulting\",\"description\":\"Desarrollo Organizacional, Excelencia Operacional, RRHH y Selecci\u00f3n\",\"publisher\":{\"@id\":\"https:\\\/\\\/actiongroup.com.ar\\\/#organization\"},\"potentialAction\":[{\"@type\":\"SearchAction\",\"target\":{\"@type\":\"EntryPoint\",\"urlTemplate\":\"https:\\\/\\\/actiongroup.com.ar\\\/?s={search_term_string}\"},\"query-input\":{\"@type\":\"PropertyValueSpecification\",\"valueRequired\":true,\"valueName\":\"search_term_string\"}}],\"inLanguage\":\"es-AR\"},{\"@type\":\"Organization\",\"@id\":\"https:\\\/\\\/actiongroup.com.ar\\\/#organization\",\"name\":\"Action Group, Education & Consulting\",\"url\":\"https:\\\/\\\/actiongroup.com.ar\\\/\",\"logo\":{\"@type\":\"ImageObject\",\"inLanguage\":\"es-AR\",\"@id\":\"https:\\\/\\\/actiongroup.com.ar\\\/#\\\/schema\\\/logo\\\/image\\\/\",\"url\":\"https:\\\/\\\/i1.wp.com\\\/www.actiongroup.com.ar\\\/wp-content\\\/uploads\\\/2016\\\/10\\\/logo.png?fit=342%2C69\",\"contentUrl\":\"https:\\\/\\\/i1.wp.com\\\/www.actiongroup.com.ar\\\/wp-content\\\/uploads\\\/2016\\\/10\\\/logo.png?fit=342%2C69\",\"width\":342,\"height\":69,\"caption\":\"Action Group, Education & Consulting\"},\"image\":{\"@id\":\"https:\\\/\\\/actiongroup.com.ar\\\/#\\\/schema\\\/logo\\\/image\\\/\"},\"sameAs\":[\"https:\\\/\\\/web.facebook.com\\\/ActionGroup\\\/?ref=ts&amp;amp;amp;fref=ts\",\"https:\\\/\\\/x.com\\\/actiongroup_ar\",\"https:\\\/\\\/ar.linkedin.com\\\/in\\\/ra\u00fal-a-perez-verzini-b5213b1\\\/es\"]},{\"@type\":\"Person\",\"@id\":\"https:\\\/\\\/actiongroup.com.ar\\\/#\\\/schema\\\/person\\\/f90ca7f4041396d195d0212a037f62ae\",\"name\":\"Lic. Viviana P. Liptzis\",\"image\":{\"@type\":\"ImageObject\",\"inLanguage\":\"es-AR\",\"@id\":\"https:\\\/\\\/secure.gravatar.com\\\/avatar\\\/46c90ed25131d6e30aaa27d9fceb53871cf06621aa63b306042da9300bbb2fe9?s=96&d=mm&r=g\",\"url\":\"https:\\\/\\\/secure.gravatar.com\\\/avatar\\\/46c90ed25131d6e30aaa27d9fceb53871cf06621aa63b306042da9300bbb2fe9?s=96&d=mm&r=g\",\"contentUrl\":\"https:\\\/\\\/secure.gravatar.com\\\/avatar\\\/46c90ed25131d6e30aaa27d9fceb53871cf06621aa63b306042da9300bbb2fe9?s=96&d=mm&r=g\",\"caption\":\"Lic. Viviana P. Liptzis\"},\"description\":\"Magister en Desarrollo y Comportamiento Organizacional por la Universidad Diego Portales de Santiago de Chile. Graduada en Psicolog\u00eda por la Universidad Nacional de C\u00f3rdoba. Estudi\u00f3 en Brasil y Chile. Su especialidad es la Psicolog\u00eda Organizacional. Director Consultor de Action Group, Education &amp; Consulting,\",\"sameAs\":[\"http:\\\/\\\/www.sermujerhoy.com\",\"http:\\\/\\\/ar.linkedin.com\\\/pub\\\/viviana-liptzis\\\/\"],\"url\":\"https:\\\/\\\/actiongroup.com.ar\\\/es\\\/author\\\/viviana\\\/\"}]}<\/script>\n<!-- \/ Yoast SEO plugin. -->","yoast_head_json":{"title":"Por qu\u00e9 a veces gana el que grita m\u00e1s fuerte - Action Group, Education &amp; Consulting","description":"El maltrato aunque inadmisible sigue siendo frecuente en las empresas","robots":{"index":"index","follow":"follow","max-snippet":"max-snippet:-1","max-image-preview":"max-image-preview:large","max-video-preview":"max-video-preview:-1"},"canonical":"https:\/\/actiongroup.com.ar\/es\/por-que-a-veces-gana-el-que-grita-mas-fuerte\/","og_locale":"es_ES","og_type":"article","og_title":"Por qu\u00e9 a veces gana el que grita m\u00e1s fuerte - Action Group, Education &amp; Consulting","og_description":"El maltrato aunque inadmisible sigue siendo frecuente en las empresas","og_url":"https:\/\/actiongroup.com.ar\/es\/por-que-a-veces-gana-el-que-grita-mas-fuerte\/","og_site_name":"Action Group, Education &amp; Consulting","article_publisher":"https:\/\/web.facebook.com\/ActionGroup\/?ref=ts&amp%3bamp%3bamp%3bfref=ts","article_published_time":"2013-05-17T12:00:49+00:00","article_modified_time":"2018-02-17T19:53:53+00:00","og_image":[{"width":273,"height":300,"url":"https:\/\/actiongroup.com.ar\/wp-content\/uploads\/2013\/05\/bullying.jpg","type":"image\/jpeg"}],"author":"Lic. Viviana P. Liptzis","twitter_card":"summary_large_image","twitter_creator":"@actiongroup_ar","twitter_site":"@actiongroup_ar","twitter_misc":{"Escrito por":"Lic. Viviana P. Liptzis","Tiempo de lectura":"3 minutos"},"schema":{"@context":"https:\/\/schema.org","@graph":[{"@type":"Article","@id":"https:\/\/actiongroup.com.ar\/por-que-a-veces-gana-el-que-grita-mas-fuerte\/#article","isPartOf":{"@id":"https:\/\/actiongroup.com.ar\/por-que-a-veces-gana-el-que-grita-mas-fuerte\/"},"author":{"name":"Lic. Viviana P. Liptzis","@id":"https:\/\/actiongroup.com.ar\/#\/schema\/person\/f90ca7f4041396d195d0212a037f62ae"},"headline":"Por qu\u00e9 a veces gana el que grita m\u00e1s fuerte","datePublished":"2013-05-17T12:00:49+00:00","dateModified":"2018-02-17T19:53:53+00:00","mainEntityOfPage":{"@id":"https:\/\/actiongroup.com.ar\/por-que-a-veces-gana-el-que-grita-mas-fuerte\/"},"wordCount":702,"publisher":{"@id":"https:\/\/actiongroup.com.ar\/#organization"},"image":{"@id":"https:\/\/actiongroup.com.ar\/por-que-a-veces-gana-el-que-grita-mas-fuerte\/#primaryimage"},"thumbnailUrl":"https:\/\/actiongroup.com.ar\/wp-content\/uploads\/2013\/05\/bullying.jpg","keywords":["Maltrato Laboral","Trabajo en Equipo"],"articleSection":["Capacitaci\u00f3n y Entrenamiento","Coaching Ejecutivo"],"inLanguage":"es-AR"},{"@type":"WebPage","@id":"https:\/\/actiongroup.com.ar\/por-que-a-veces-gana-el-que-grita-mas-fuerte\/","url":"https:\/\/actiongroup.com.ar\/por-que-a-veces-gana-el-que-grita-mas-fuerte\/","name":"Por qu\u00e9 a veces gana el que grita m\u00e1s fuerte - Action Group, Education &amp; Consulting","isPartOf":{"@id":"https:\/\/actiongroup.com.ar\/#website"},"primaryImageOfPage":{"@id":"https:\/\/actiongroup.com.ar\/por-que-a-veces-gana-el-que-grita-mas-fuerte\/#primaryimage"},"image":{"@id":"https:\/\/actiongroup.com.ar\/por-que-a-veces-gana-el-que-grita-mas-fuerte\/#primaryimage"},"thumbnailUrl":"https:\/\/actiongroup.com.ar\/wp-content\/uploads\/2013\/05\/bullying.jpg","datePublished":"2013-05-17T12:00:49+00:00","dateModified":"2018-02-17T19:53:53+00:00","description":"El maltrato aunque inadmisible sigue siendo frecuente en las empresas","breadcrumb":{"@id":"https:\/\/actiongroup.com.ar\/por-que-a-veces-gana-el-que-grita-mas-fuerte\/#breadcrumb"},"inLanguage":"es-AR","potentialAction":[{"@type":"ReadAction","target":["https:\/\/actiongroup.com.ar\/por-que-a-veces-gana-el-que-grita-mas-fuerte\/"]}]},{"@type":"ImageObject","inLanguage":"es-AR","@id":"https:\/\/actiongroup.com.ar\/por-que-a-veces-gana-el-que-grita-mas-fuerte\/#primaryimage","url":"https:\/\/actiongroup.com.ar\/wp-content\/uploads\/2013\/05\/bullying.jpg","contentUrl":"https:\/\/actiongroup.com.ar\/wp-content\/uploads\/2013\/05\/bullying.jpg","width":273,"height":300},{"@type":"BreadcrumbList","@id":"https:\/\/actiongroup.com.ar\/por-que-a-veces-gana-el-que-grita-mas-fuerte\/#breadcrumb","itemListElement":[{"@type":"ListItem","position":1,"name":"Home","item":"https:\/\/actiongroup.com.ar\/"},{"@type":"ListItem","position":2,"name":"Por qu\u00e9 a veces gana el que grita m\u00e1s fuerte"}]},{"@type":"WebSite","@id":"https:\/\/actiongroup.com.ar\/#website","url":"https:\/\/actiongroup.com.ar\/","name":"Action Group, Education &amp; Consulting","description":"Desarrollo Organizacional, Excelencia Operacional, RRHH y Selecci\u00f3n","publisher":{"@id":"https:\/\/actiongroup.com.ar\/#organization"},"potentialAction":[{"@type":"SearchAction","target":{"@type":"EntryPoint","urlTemplate":"https:\/\/actiongroup.com.ar\/?s={search_term_string}"},"query-input":{"@type":"PropertyValueSpecification","valueRequired":true,"valueName":"search_term_string"}}],"inLanguage":"es-AR"},{"@type":"Organization","@id":"https:\/\/actiongroup.com.ar\/#organization","name":"Action Group, Education & Consulting","url":"https:\/\/actiongroup.com.ar\/","logo":{"@type":"ImageObject","inLanguage":"es-AR","@id":"https:\/\/actiongroup.com.ar\/#\/schema\/logo\/image\/","url":"https:\/\/i1.wp.com\/www.actiongroup.com.ar\/wp-content\/uploads\/2016\/10\/logo.png?fit=342%2C69","contentUrl":"https:\/\/i1.wp.com\/www.actiongroup.com.ar\/wp-content\/uploads\/2016\/10\/logo.png?fit=342%2C69","width":342,"height":69,"caption":"Action Group, Education & Consulting"},"image":{"@id":"https:\/\/actiongroup.com.ar\/#\/schema\/logo\/image\/"},"sameAs":["https:\/\/web.facebook.com\/ActionGroup\/?ref=ts&amp;amp;amp;fref=ts","https:\/\/x.com\/actiongroup_ar","https:\/\/ar.linkedin.com\/in\/ra\u00fal-a-perez-verzini-b5213b1\/es"]},{"@type":"Person","@id":"https:\/\/actiongroup.com.ar\/#\/schema\/person\/f90ca7f4041396d195d0212a037f62ae","name":"Lic. Viviana P. Liptzis","image":{"@type":"ImageObject","inLanguage":"es-AR","@id":"https:\/\/secure.gravatar.com\/avatar\/46c90ed25131d6e30aaa27d9fceb53871cf06621aa63b306042da9300bbb2fe9?s=96&d=mm&r=g","url":"https:\/\/secure.gravatar.com\/avatar\/46c90ed25131d6e30aaa27d9fceb53871cf06621aa63b306042da9300bbb2fe9?s=96&d=mm&r=g","contentUrl":"https:\/\/secure.gravatar.com\/avatar\/46c90ed25131d6e30aaa27d9fceb53871cf06621aa63b306042da9300bbb2fe9?s=96&d=mm&r=g","caption":"Lic. Viviana P. Liptzis"},"description":"Magister en Desarrollo y Comportamiento Organizacional por la Universidad Diego Portales de Santiago de Chile. Graduada en Psicolog\u00eda por la Universidad Nacional de C\u00f3rdoba. Estudi\u00f3 en Brasil y Chile. Su especialidad es la Psicolog\u00eda Organizacional. Director Consultor de Action Group, Education &amp; Consulting,","sameAs":["http:\/\/www.sermujerhoy.com","http:\/\/ar.linkedin.com\/pub\/viviana-liptzis\/"],"url":"https:\/\/actiongroup.com.ar\/es\/author\/viviana\/"}]}},"publishpress_future_action":{"enabled":false,"date":"2026-05-08 10:16:02","action":"change-status","newStatus":"draft","terms":[],"taxonomy":"category","extraData":[]},"publishpress_future_workflow_manual_trigger":{"enabledWorkflows":[]},"_links":{"self":[{"href":"https:\/\/actiongroup.com.ar\/es\/wp-json\/wp\/v2\/posts\/2455","targetHints":{"allow":["GET"]}}],"collection":[{"href":"https:\/\/actiongroup.com.ar\/es\/wp-json\/wp\/v2\/posts"}],"about":[{"href":"https:\/\/actiongroup.com.ar\/es\/wp-json\/wp\/v2\/types\/post"}],"author":[{"embeddable":true,"href":"https:\/\/actiongroup.com.ar\/es\/wp-json\/wp\/v2\/users\/3"}],"replies":[{"embeddable":true,"href":"https:\/\/actiongroup.com.ar\/es\/wp-json\/wp\/v2\/comments?post=2455"}],"version-history":[{"count":2,"href":"https:\/\/actiongroup.com.ar\/es\/wp-json\/wp\/v2\/posts\/2455\/revisions"}],"predecessor-version":[{"id":3204,"href":"https:\/\/actiongroup.com.ar\/es\/wp-json\/wp\/v2\/posts\/2455\/revisions\/3204"}],"wp:featuredmedia":[{"embeddable":true,"href":"https:\/\/actiongroup.com.ar\/es\/wp-json\/wp\/v2\/media\/2516"}],"wp:attachment":[{"href":"https:\/\/actiongroup.com.ar\/es\/wp-json\/wp\/v2\/media?parent=2455"}],"wp:term":[{"taxonomy":"category","embeddable":true,"href":"https:\/\/actiongroup.com.ar\/es\/wp-json\/wp\/v2\/categories?post=2455"},{"taxonomy":"post_tag","embeddable":true,"href":"https:\/\/actiongroup.com.ar\/es\/wp-json\/wp\/v2\/tags?post=2455"}],"curies":[{"name":"wp","href":"https:\/\/api.w.org\/{rel}","templated":true}]}}