{"id":314,"date":"2012-02-20T15:44:26","date_gmt":"2012-02-20T18:44:26","guid":{"rendered":"http:\/\/actiongroup.com.ar\/?p=314"},"modified":"2016-09-28T14:54:31","modified_gmt":"2016-09-28T17:54:31","slug":"desarrollo-integral-area-de-recursos-humanos","status":"publish","type":"post","link":"https:\/\/actiongroup.com.ar\/es\/desarrollo-integral-area-de-recursos-humanos\/","title":{"rendered":"Desarrollo Integral Area de Recursos Humanos"},"content":{"rendered":"<p>Este plan anual ayuda a posicionar el \u00e1rea de RRHH como socio estrat\u00e9gico de la organizaci\u00f3n al mismo tiempo que gestiona y desarrolla el talento de las personas.<\/p>\n<h3>Gesti\u00f3n Integral de Recursos Humanos<\/h3>\n<p>Un Proyecto Integral de Recursos Humanos consiste en la elaboraci\u00f3n e implementaci\u00f3n de un plan para la obtenci\u00f3n, estimulaci\u00f3n y desarrollo de las personas integrantes de la organizaci\u00f3n cuyo objetivo fundamental es asegurar la concreci\u00f3n, en el \u00e1mbito de toda la compa\u00f1\u00eda, de las estrategias empresariales definidas en el Business Plan.<\/p>\n<p><img loading=\"lazy\" decoding=\"async\" class=\"size-medium wp-image-1621 alignright\" title=\"recursos_humanos\" src=\"http:\/\/actiongroup.com.ar\/wp-content\/uploads\/2011\/02\/recursos_humanos-300x155.jpg\" alt=\"\" width=\"300\" height=\"155\" srcset=\"https:\/\/actiongroup.com.ar\/wp-content\/uploads\/2011\/02\/recursos_humanos-300x155.jpg 300w, https:\/\/actiongroup.com.ar\/wp-content\/uploads\/2011\/02\/recursos_humanos.jpg 566w\" sizes=\"auto, (max-width: 300px) 100vw, 300px\" \/><\/p>\n<p>Para ello se pretende lograr:<\/p>\n<ul>\n<li>Alinear a las personas con las estrategias empresariales y con la visi\u00f3n de la empresa.<\/li>\n<li>Definir las competencias necesarias para cada una de las funciones, es decir, los conocimientos, las habilidades y las actitudes requeridas, incluyendo tareas y responsabilidades.<\/li>\n<li>Implementar un proceso de obtenci\u00f3n, que permita contar con las personas m\u00e1s adecuadas a las necesidades del negocio.<\/li>\n<li>Brindar la formaci\u00f3n necesaria para lograr los objetivos de cada uno de los puestos.<\/li>\n<li>Proporcionar a los integrantes un entorno grato y seguro.<\/li>\n<li>Definir indicadores de gesti\u00f3n que permitan testear la calidad, velocidad y costos de la implementaci\u00f3n.<\/li>\n<\/ul>\n<h3>Fundamentos y Respaldos Organizacionales<\/h3>\n<p>Tomando como punto de partida el diagn\u00f3stico realizado hacia el interior de la empresa y como marco de referencia el Business Plan, presentamos una propuesta estrat\u00e9gica cuyo objetivo es contribuir decididamente a la obtenci\u00f3n de las metas empresariales.<\/p>\n<p>Buscando ser coherentes con la pol\u00edtica b\u00e1sica de la compa\u00f1\u00eda, asumimos como sistema de gerenciamiento integral la filosof\u00eda del Desarrollo Organizacional y por lo tanto elaboramos nuestra propuesta siguiendo esa concepci\u00f3n empresarial en lo tocante al rol de las personas en la organizaci\u00f3n.<\/p>\n<h3>Prop\u00f3sitos del Plan de Recursos Humanos<\/h3>\n<p>El prop\u00f3sito fundamental del Plan de Recursos Humanos es lograr un entorno organizacional sano. Esto es, crear un ambiente donde los objetivos sean compartidos por todos los miembros de la organizaci\u00f3n, donde las personas se sientan libres de expresar sus dificultades sabiendo que cuentan con el apoyo de sus jefes para la soluci\u00f3n de los problemas. Enfocarnos hacia el trabajo en equipo, tomar las decisiones en un marco de empowerment real y en un gran esp\u00edritu de colaboraci\u00f3n y participaci\u00f3n. Liderar de forma flexible y adecuar las estructuras a las necesidades de las personas.<\/p>\n<p>Dado que es a trav\u00e9s de un entorno organizacional sano como el Area de RRHH contribuye concretamente al Business Plan, el enfoque permanente a la innovaci\u00f3n y crecimiento personal y profesional de las personas hace que la compa\u00f1\u00eda se adapte r\u00e1pidamente a los cambios y se convierta en un lugar deseable de habitar.<\/p>\n<h3>Temas Estrat\u00e9gicos<\/h3>\n<p>Con el objeto de concretizar las opciones fundamentales de la Gerencia de RRHH, identificamos los temas estrat\u00e9gicos que demandar\u00e1n atenci\u00f3n especial en el \u00e1mbito de la gesti\u00f3n de las personas.<\/p>\n","protected":false},"excerpt":{"rendered":"<p>Este plan anual ayuda a posicionar el \u00e1rea de RRHH&#8230; <\/p>\n","protected":false},"author":3,"featured_media":1621,"comment_status":"closed","ping_status":"open","sticky":false,"template":"","format":"standard","meta":{"_acf_changed":false,"_crdt_document":"","footnotes":""},"categories":[169,54],"tags":[],"class_list":["post-314","post","type-post","status-publish","format-standard","has-post-thumbnail","hentry","category-desarrollo-integral-del-area-de-recursos-humanos","category-newsletters"],"acf":[],"yoast_head":"<!-- This site is optimized with the Yoast SEO plugin v27.5 - https:\/\/yoast.com\/product\/yoast-seo-wordpress\/ -->\n<title>Desarrollo Integral Area de Recursos Humanos - Action Group, Education &amp; Consulting<\/title>\n<meta name=\"description\" content=\"Este plan anual ayuda a posicionar el \u00e1rea de RRHH como socio estrat\u00e9gico de la organizaci\u00f3n al mismo tiempo que gestiona y desarrolla el talento de las\" \/>\n<meta name=\"robots\" content=\"index, follow, max-snippet:-1, max-image-preview:large, max-video-preview:-1\" \/>\n<link rel=\"canonical\" href=\"https:\/\/actiongroup.com.ar\/es\/desarrollo-integral-area-de-recursos-humanos\/\" \/>\n<meta property=\"og:locale\" content=\"es_ES\" \/>\n<meta property=\"og:type\" content=\"article\" \/>\n<meta property=\"og:title\" content=\"Desarrollo Integral Area de Recursos Humanos - Action Group, Education &amp; Consulting\" \/>\n<meta property=\"og:description\" content=\"Este plan anual ayuda a posicionar el \u00e1rea de RRHH como socio estrat\u00e9gico de la organizaci\u00f3n al mismo tiempo que gestiona y desarrolla el talento de las\" \/>\n<meta property=\"og:url\" content=\"https:\/\/actiongroup.com.ar\/es\/desarrollo-integral-area-de-recursos-humanos\/\" \/>\n<meta property=\"og:site_name\" content=\"Action Group, Education &amp; Consulting\" \/>\n<meta property=\"article:publisher\" content=\"https:\/\/web.facebook.com\/ActionGroup\/?ref=ts&amp;amp%3bamp%3bamp%3bfref=ts\" \/>\n<meta property=\"article:published_time\" content=\"2012-02-20T18:44:26+00:00\" \/>\n<meta property=\"article:modified_time\" content=\"2016-09-28T17:54:31+00:00\" \/>\n<meta property=\"og:image\" content=\"https:\/\/actiongroup.com.ar\/wp-content\/uploads\/2011\/02\/recursos_humanos.jpg\" \/>\n\t<meta property=\"og:image:width\" content=\"566\" \/>\n\t<meta property=\"og:image:height\" content=\"293\" \/>\n\t<meta property=\"og:image:type\" content=\"image\/jpeg\" \/>\n<meta name=\"author\" content=\"Lic. Viviana P. Liptzis\" \/>\n<meta name=\"twitter:card\" content=\"summary_large_image\" \/>\n<meta name=\"twitter:creator\" content=\"@actiongroup_ar\" \/>\n<meta name=\"twitter:site\" content=\"@actiongroup_ar\" \/>\n<meta name=\"twitter:label1\" content=\"Escrito por\" \/>\n\t<meta name=\"twitter:data1\" content=\"Lic. Viviana P. Liptzis\" \/>\n\t<meta name=\"twitter:label2\" content=\"Tiempo de lectura\" \/>\n\t<meta name=\"twitter:data2\" content=\"2 minutos\" \/>\n<script type=\"application\/ld+json\" class=\"yoast-schema-graph\">{\"@context\":\"https:\\\/\\\/schema.org\",\"@graph\":[{\"@type\":\"Article\",\"@id\":\"https:\\\/\\\/actiongroup.com.ar\\\/desarrollo-integral-area-de-recursos-humanos\\\/#article\",\"isPartOf\":{\"@id\":\"https:\\\/\\\/actiongroup.com.ar\\\/desarrollo-integral-area-de-recursos-humanos\\\/\"},\"author\":{\"name\":\"Lic. Viviana P. Liptzis\",\"@id\":\"https:\\\/\\\/actiongroup.com.ar\\\/#\\\/schema\\\/person\\\/f90ca7f4041396d195d0212a037f62ae\"},\"headline\":\"Desarrollo Integral Area de Recursos Humanos\",\"datePublished\":\"2012-02-20T18:44:26+00:00\",\"dateModified\":\"2016-09-28T17:54:31+00:00\",\"mainEntityOfPage\":{\"@id\":\"https:\\\/\\\/actiongroup.com.ar\\\/desarrollo-integral-area-de-recursos-humanos\\\/\"},\"wordCount\":501,\"publisher\":{\"@id\":\"https:\\\/\\\/actiongroup.com.ar\\\/#organization\"},\"image\":{\"@id\":\"https:\\\/\\\/actiongroup.com.ar\\\/desarrollo-integral-area-de-recursos-humanos\\\/#primaryimage\"},\"thumbnailUrl\":\"https:\\\/\\\/actiongroup.com.ar\\\/wp-content\\\/uploads\\\/2011\\\/02\\\/recursos_humanos.jpg\",\"articleSection\":[\"Desarrollo Integral del \u00c1rea de Recursos Humanos\",\"Newsletters\"],\"inLanguage\":\"es-AR\"},{\"@type\":\"WebPage\",\"@id\":\"https:\\\/\\\/actiongroup.com.ar\\\/desarrollo-integral-area-de-recursos-humanos\\\/\",\"url\":\"https:\\\/\\\/actiongroup.com.ar\\\/desarrollo-integral-area-de-recursos-humanos\\\/\",\"name\":\"Desarrollo Integral Area de Recursos Humanos - Action Group, Education &amp; Consulting\",\"isPartOf\":{\"@id\":\"https:\\\/\\\/actiongroup.com.ar\\\/#website\"},\"primaryImageOfPage\":{\"@id\":\"https:\\\/\\\/actiongroup.com.ar\\\/desarrollo-integral-area-de-recursos-humanos\\\/#primaryimage\"},\"image\":{\"@id\":\"https:\\\/\\\/actiongroup.com.ar\\\/desarrollo-integral-area-de-recursos-humanos\\\/#primaryimage\"},\"thumbnailUrl\":\"https:\\\/\\\/actiongroup.com.ar\\\/wp-content\\\/uploads\\\/2011\\\/02\\\/recursos_humanos.jpg\",\"datePublished\":\"2012-02-20T18:44:26+00:00\",\"dateModified\":\"2016-09-28T17:54:31+00:00\",\"description\":\"Este plan anual ayuda a posicionar el \u00e1rea de RRHH como socio estrat\u00e9gico de la organizaci\u00f3n al mismo tiempo que gestiona y desarrolla el talento de las\",\"breadcrumb\":{\"@id\":\"https:\\\/\\\/actiongroup.com.ar\\\/desarrollo-integral-area-de-recursos-humanos\\\/#breadcrumb\"},\"inLanguage\":\"es-AR\",\"potentialAction\":[{\"@type\":\"ReadAction\",\"target\":[\"https:\\\/\\\/actiongroup.com.ar\\\/desarrollo-integral-area-de-recursos-humanos\\\/\"]}]},{\"@type\":\"ImageObject\",\"inLanguage\":\"es-AR\",\"@id\":\"https:\\\/\\\/actiongroup.com.ar\\\/desarrollo-integral-area-de-recursos-humanos\\\/#primaryimage\",\"url\":\"https:\\\/\\\/actiongroup.com.ar\\\/wp-content\\\/uploads\\\/2011\\\/02\\\/recursos_humanos.jpg\",\"contentUrl\":\"https:\\\/\\\/actiongroup.com.ar\\\/wp-content\\\/uploads\\\/2011\\\/02\\\/recursos_humanos.jpg\",\"width\":566,\"height\":293},{\"@type\":\"BreadcrumbList\",\"@id\":\"https:\\\/\\\/actiongroup.com.ar\\\/desarrollo-integral-area-de-recursos-humanos\\\/#breadcrumb\",\"itemListElement\":[{\"@type\":\"ListItem\",\"position\":1,\"name\":\"Home\",\"item\":\"https:\\\/\\\/actiongroup.com.ar\\\/\"},{\"@type\":\"ListItem\",\"position\":2,\"name\":\"Desarrollo Integral Area de Recursos Humanos\"}]},{\"@type\":\"WebSite\",\"@id\":\"https:\\\/\\\/actiongroup.com.ar\\\/#website\",\"url\":\"https:\\\/\\\/actiongroup.com.ar\\\/\",\"name\":\"Action Group, Education &amp; Consulting\",\"description\":\"Desarrollo Organizacional, Excelencia Operacional, RRHH y Selecci\u00f3n\",\"publisher\":{\"@id\":\"https:\\\/\\\/actiongroup.com.ar\\\/#organization\"},\"potentialAction\":[{\"@type\":\"SearchAction\",\"target\":{\"@type\":\"EntryPoint\",\"urlTemplate\":\"https:\\\/\\\/actiongroup.com.ar\\\/?s={search_term_string}\"},\"query-input\":{\"@type\":\"PropertyValueSpecification\",\"valueRequired\":true,\"valueName\":\"search_term_string\"}}],\"inLanguage\":\"es-AR\"},{\"@type\":\"Organization\",\"@id\":\"https:\\\/\\\/actiongroup.com.ar\\\/#organization\",\"name\":\"Action Group, Education & Consulting\",\"url\":\"https:\\\/\\\/actiongroup.com.ar\\\/\",\"logo\":{\"@type\":\"ImageObject\",\"inLanguage\":\"es-AR\",\"@id\":\"https:\\\/\\\/actiongroup.com.ar\\\/#\\\/schema\\\/logo\\\/image\\\/\",\"url\":\"https:\\\/\\\/i1.wp.com\\\/www.actiongroup.com.ar\\\/wp-content\\\/uploads\\\/2016\\\/10\\\/logo.png?fit=342%2C69\",\"contentUrl\":\"https:\\\/\\\/i1.wp.com\\\/www.actiongroup.com.ar\\\/wp-content\\\/uploads\\\/2016\\\/10\\\/logo.png?fit=342%2C69\",\"width\":342,\"height\":69,\"caption\":\"Action Group, Education & Consulting\"},\"image\":{\"@id\":\"https:\\\/\\\/actiongroup.com.ar\\\/#\\\/schema\\\/logo\\\/image\\\/\"},\"sameAs\":[\"https:\\\/\\\/web.facebook.com\\\/ActionGroup\\\/?ref=ts&amp;amp;amp;fref=ts\",\"https:\\\/\\\/x.com\\\/actiongroup_ar\",\"https:\\\/\\\/ar.linkedin.com\\\/in\\\/ra\u00fal-a-perez-verzini-b5213b1\\\/es\"]},{\"@type\":\"Person\",\"@id\":\"https:\\\/\\\/actiongroup.com.ar\\\/#\\\/schema\\\/person\\\/f90ca7f4041396d195d0212a037f62ae\",\"name\":\"Lic. Viviana P. Liptzis\",\"image\":{\"@type\":\"ImageObject\",\"inLanguage\":\"es-AR\",\"@id\":\"https:\\\/\\\/secure.gravatar.com\\\/avatar\\\/46c90ed25131d6e30aaa27d9fceb53871cf06621aa63b306042da9300bbb2fe9?s=96&d=mm&r=g\",\"url\":\"https:\\\/\\\/secure.gravatar.com\\\/avatar\\\/46c90ed25131d6e30aaa27d9fceb53871cf06621aa63b306042da9300bbb2fe9?s=96&d=mm&r=g\",\"contentUrl\":\"https:\\\/\\\/secure.gravatar.com\\\/avatar\\\/46c90ed25131d6e30aaa27d9fceb53871cf06621aa63b306042da9300bbb2fe9?s=96&d=mm&r=g\",\"caption\":\"Lic. Viviana P. Liptzis\"},\"description\":\"Magister en Desarrollo y Comportamiento Organizacional por la Universidad Diego Portales de Santiago de Chile. Graduada en Psicolog\u00eda por la Universidad Nacional de C\u00f3rdoba. Estudi\u00f3 en Brasil y Chile. Su especialidad es la Psicolog\u00eda Organizacional. Director Consultor de Action Group, Education &amp; Consulting,\",\"sameAs\":[\"http:\\\/\\\/www.sermujerhoy.com\",\"http:\\\/\\\/ar.linkedin.com\\\/pub\\\/viviana-liptzis\\\/\"],\"url\":\"https:\\\/\\\/actiongroup.com.ar\\\/es\\\/author\\\/viviana\\\/\"}]}<\/script>\n<!-- \/ Yoast SEO plugin. -->","yoast_head_json":{"title":"Desarrollo Integral Area de Recursos Humanos - Action Group, Education &amp; Consulting","description":"Este plan anual ayuda a posicionar el \u00e1rea de RRHH como socio estrat\u00e9gico de la organizaci\u00f3n al mismo tiempo que gestiona y desarrolla el talento de las","robots":{"index":"index","follow":"follow","max-snippet":"max-snippet:-1","max-image-preview":"max-image-preview:large","max-video-preview":"max-video-preview:-1"},"canonical":"https:\/\/actiongroup.com.ar\/es\/desarrollo-integral-area-de-recursos-humanos\/","og_locale":"es_ES","og_type":"article","og_title":"Desarrollo Integral Area de Recursos Humanos - Action Group, Education &amp; Consulting","og_description":"Este plan anual ayuda a posicionar el \u00e1rea de RRHH como socio estrat\u00e9gico de la organizaci\u00f3n al mismo tiempo que gestiona y desarrolla el talento de las","og_url":"https:\/\/actiongroup.com.ar\/es\/desarrollo-integral-area-de-recursos-humanos\/","og_site_name":"Action Group, Education &amp; Consulting","article_publisher":"https:\/\/web.facebook.com\/ActionGroup\/?ref=ts&amp%3bamp%3bamp%3bfref=ts","article_published_time":"2012-02-20T18:44:26+00:00","article_modified_time":"2016-09-28T17:54:31+00:00","og_image":[{"width":566,"height":293,"url":"https:\/\/actiongroup.com.ar\/wp-content\/uploads\/2011\/02\/recursos_humanos.jpg","type":"image\/jpeg"}],"author":"Lic. Viviana P. Liptzis","twitter_card":"summary_large_image","twitter_creator":"@actiongroup_ar","twitter_site":"@actiongroup_ar","twitter_misc":{"Escrito por":"Lic. Viviana P. Liptzis","Tiempo de lectura":"2 minutos"},"schema":{"@context":"https:\/\/schema.org","@graph":[{"@type":"Article","@id":"https:\/\/actiongroup.com.ar\/desarrollo-integral-area-de-recursos-humanos\/#article","isPartOf":{"@id":"https:\/\/actiongroup.com.ar\/desarrollo-integral-area-de-recursos-humanos\/"},"author":{"name":"Lic. Viviana P. Liptzis","@id":"https:\/\/actiongroup.com.ar\/#\/schema\/person\/f90ca7f4041396d195d0212a037f62ae"},"headline":"Desarrollo Integral Area de Recursos Humanos","datePublished":"2012-02-20T18:44:26+00:00","dateModified":"2016-09-28T17:54:31+00:00","mainEntityOfPage":{"@id":"https:\/\/actiongroup.com.ar\/desarrollo-integral-area-de-recursos-humanos\/"},"wordCount":501,"publisher":{"@id":"https:\/\/actiongroup.com.ar\/#organization"},"image":{"@id":"https:\/\/actiongroup.com.ar\/desarrollo-integral-area-de-recursos-humanos\/#primaryimage"},"thumbnailUrl":"https:\/\/actiongroup.com.ar\/wp-content\/uploads\/2011\/02\/recursos_humanos.jpg","articleSection":["Desarrollo Integral del \u00c1rea de Recursos Humanos","Newsletters"],"inLanguage":"es-AR"},{"@type":"WebPage","@id":"https:\/\/actiongroup.com.ar\/desarrollo-integral-area-de-recursos-humanos\/","url":"https:\/\/actiongroup.com.ar\/desarrollo-integral-area-de-recursos-humanos\/","name":"Desarrollo Integral Area de Recursos Humanos - Action Group, Education &amp; Consulting","isPartOf":{"@id":"https:\/\/actiongroup.com.ar\/#website"},"primaryImageOfPage":{"@id":"https:\/\/actiongroup.com.ar\/desarrollo-integral-area-de-recursos-humanos\/#primaryimage"},"image":{"@id":"https:\/\/actiongroup.com.ar\/desarrollo-integral-area-de-recursos-humanos\/#primaryimage"},"thumbnailUrl":"https:\/\/actiongroup.com.ar\/wp-content\/uploads\/2011\/02\/recursos_humanos.jpg","datePublished":"2012-02-20T18:44:26+00:00","dateModified":"2016-09-28T17:54:31+00:00","description":"Este plan anual ayuda a posicionar el \u00e1rea de RRHH como socio estrat\u00e9gico de la organizaci\u00f3n al mismo tiempo que gestiona y desarrolla el talento de las","breadcrumb":{"@id":"https:\/\/actiongroup.com.ar\/desarrollo-integral-area-de-recursos-humanos\/#breadcrumb"},"inLanguage":"es-AR","potentialAction":[{"@type":"ReadAction","target":["https:\/\/actiongroup.com.ar\/desarrollo-integral-area-de-recursos-humanos\/"]}]},{"@type":"ImageObject","inLanguage":"es-AR","@id":"https:\/\/actiongroup.com.ar\/desarrollo-integral-area-de-recursos-humanos\/#primaryimage","url":"https:\/\/actiongroup.com.ar\/wp-content\/uploads\/2011\/02\/recursos_humanos.jpg","contentUrl":"https:\/\/actiongroup.com.ar\/wp-content\/uploads\/2011\/02\/recursos_humanos.jpg","width":566,"height":293},{"@type":"BreadcrumbList","@id":"https:\/\/actiongroup.com.ar\/desarrollo-integral-area-de-recursos-humanos\/#breadcrumb","itemListElement":[{"@type":"ListItem","position":1,"name":"Home","item":"https:\/\/actiongroup.com.ar\/"},{"@type":"ListItem","position":2,"name":"Desarrollo Integral Area de Recursos Humanos"}]},{"@type":"WebSite","@id":"https:\/\/actiongroup.com.ar\/#website","url":"https:\/\/actiongroup.com.ar\/","name":"Action Group, Education &amp; Consulting","description":"Desarrollo Organizacional, Excelencia Operacional, RRHH y Selecci\u00f3n","publisher":{"@id":"https:\/\/actiongroup.com.ar\/#organization"},"potentialAction":[{"@type":"SearchAction","target":{"@type":"EntryPoint","urlTemplate":"https:\/\/actiongroup.com.ar\/?s={search_term_string}"},"query-input":{"@type":"PropertyValueSpecification","valueRequired":true,"valueName":"search_term_string"}}],"inLanguage":"es-AR"},{"@type":"Organization","@id":"https:\/\/actiongroup.com.ar\/#organization","name":"Action Group, Education & Consulting","url":"https:\/\/actiongroup.com.ar\/","logo":{"@type":"ImageObject","inLanguage":"es-AR","@id":"https:\/\/actiongroup.com.ar\/#\/schema\/logo\/image\/","url":"https:\/\/i1.wp.com\/www.actiongroup.com.ar\/wp-content\/uploads\/2016\/10\/logo.png?fit=342%2C69","contentUrl":"https:\/\/i1.wp.com\/www.actiongroup.com.ar\/wp-content\/uploads\/2016\/10\/logo.png?fit=342%2C69","width":342,"height":69,"caption":"Action Group, Education & Consulting"},"image":{"@id":"https:\/\/actiongroup.com.ar\/#\/schema\/logo\/image\/"},"sameAs":["https:\/\/web.facebook.com\/ActionGroup\/?ref=ts&amp;amp;amp;fref=ts","https:\/\/x.com\/actiongroup_ar","https:\/\/ar.linkedin.com\/in\/ra\u00fal-a-perez-verzini-b5213b1\/es"]},{"@type":"Person","@id":"https:\/\/actiongroup.com.ar\/#\/schema\/person\/f90ca7f4041396d195d0212a037f62ae","name":"Lic. Viviana P. Liptzis","image":{"@type":"ImageObject","inLanguage":"es-AR","@id":"https:\/\/secure.gravatar.com\/avatar\/46c90ed25131d6e30aaa27d9fceb53871cf06621aa63b306042da9300bbb2fe9?s=96&d=mm&r=g","url":"https:\/\/secure.gravatar.com\/avatar\/46c90ed25131d6e30aaa27d9fceb53871cf06621aa63b306042da9300bbb2fe9?s=96&d=mm&r=g","contentUrl":"https:\/\/secure.gravatar.com\/avatar\/46c90ed25131d6e30aaa27d9fceb53871cf06621aa63b306042da9300bbb2fe9?s=96&d=mm&r=g","caption":"Lic. Viviana P. Liptzis"},"description":"Magister en Desarrollo y Comportamiento Organizacional por la Universidad Diego Portales de Santiago de Chile. Graduada en Psicolog\u00eda por la Universidad Nacional de C\u00f3rdoba. Estudi\u00f3 en Brasil y Chile. Su especialidad es la Psicolog\u00eda Organizacional. Director Consultor de Action Group, Education &amp; Consulting,","sameAs":["http:\/\/www.sermujerhoy.com","http:\/\/ar.linkedin.com\/pub\/viviana-liptzis\/"],"url":"https:\/\/actiongroup.com.ar\/es\/author\/viviana\/"}]}},"publishpress_future_action":{"enabled":false,"date":"2026-05-08 07:23:39","action":"change-status","newStatus":"draft","terms":[],"taxonomy":"category","extraData":[]},"publishpress_future_workflow_manual_trigger":{"enabledWorkflows":[]},"_links":{"self":[{"href":"https:\/\/actiongroup.com.ar\/es\/wp-json\/wp\/v2\/posts\/314","targetHints":{"allow":["GET"]}}],"collection":[{"href":"https:\/\/actiongroup.com.ar\/es\/wp-json\/wp\/v2\/posts"}],"about":[{"href":"https:\/\/actiongroup.com.ar\/es\/wp-json\/wp\/v2\/types\/post"}],"author":[{"embeddable":true,"href":"https:\/\/actiongroup.com.ar\/es\/wp-json\/wp\/v2\/users\/3"}],"replies":[{"embeddable":true,"href":"https:\/\/actiongroup.com.ar\/es\/wp-json\/wp\/v2\/comments?post=314"}],"version-history":[{"count":0,"href":"https:\/\/actiongroup.com.ar\/es\/wp-json\/wp\/v2\/posts\/314\/revisions"}],"wp:featuredmedia":[{"embeddable":true,"href":"https:\/\/actiongroup.com.ar\/es\/wp-json\/wp\/v2\/media\/1621"}],"wp:attachment":[{"href":"https:\/\/actiongroup.com.ar\/es\/wp-json\/wp\/v2\/media?parent=314"}],"wp:term":[{"taxonomy":"category","embeddable":true,"href":"https:\/\/actiongroup.com.ar\/es\/wp-json\/wp\/v2\/categories?post=314"},{"taxonomy":"post_tag","embeddable":true,"href":"https:\/\/actiongroup.com.ar\/es\/wp-json\/wp\/v2\/tags?post=314"}],"curies":[{"name":"wp","href":"https:\/\/api.w.org\/{rel}","templated":true}]}}