{"id":3372,"date":"2019-01-02T21:00:14","date_gmt":"2019-01-03T00:00:14","guid":{"rendered":"http:\/\/actiongroup.com.ar\/?p=3372"},"modified":"2019-01-02T21:00:29","modified_gmt":"2019-01-03T00:00:29","slug":"desarrollo-profesional-y-desarrollo-personal","status":"publish","type":"post","link":"https:\/\/actiongroup.com.ar\/es\/desarrollo-profesional-y-desarrollo-personal\/","title":{"rendered":"Desarrollo Profesional y Desarrollo Personal"},"content":{"rendered":"\n<blockquote style=\"text-align:right\" class=\"wp-block-quote is-style-default is-layout-flow wp-block-quote-is-layout-flow\"><p><\/p><cite><em>No soy un producto de mis circunstancias. Soy un producto de mis decisiones. <\/em><br> Stephen R. Covey<\/cite><\/blockquote>\n\n\n\n<p class=\"wp-block-paragraph\">El \u00e9xito en la carrera y en la vida no es algo que te pasa&nbsp;<strong><em>a<\/em><\/strong>&nbsp;vos. Es algo que te pasa&nbsp;<strong><em>por <\/em><\/strong>vos. Es decir, no viene del cielo, ni de tu jefe, ni de tu pareja. No depende exclusivamente de fuerzas y condicionamientos exteriores.<\/p>\n\n\n\n<p class=\"wp-block-paragraph\">Es&nbsp;<strong><em>\u201cconsecuencia de\u201d<\/em><\/strong>, es resultado de las decisiones que tomas y las acciones que ejecutas.<\/p>\n\n\n\n<p class=\"wp-block-paragraph\">Si quieres crecer en tu carrera profesional, si aspiras al \u00e9xito en la vida, incluso m\u00e1s all\u00e1 de a qu\u00e9 llames \u00e9xito, debes saber que sos el \u00fanico responsable de que eso ocurra.<\/p>\n\n\n\n<div class=\"wp-block-image\"><figure class=\"aligncenter\"><img loading=\"lazy\" decoding=\"async\" width=\"639\" height=\"360\" src=\"http:\/\/actiongroup.com.ar\/wp-content\/uploads\/2018\/12\/desarrollo-profesional-personal.jpg\" alt=\"\" class=\"wp-image-3380\" srcset=\"https:\/\/actiongroup.com.ar\/wp-content\/uploads\/2018\/12\/desarrollo-profesional-personal.jpg 639w, https:\/\/actiongroup.com.ar\/wp-content\/uploads\/2018\/12\/desarrollo-profesional-personal-300x169.jpg 300w\" sizes=\"auto, (max-width: 639px) 100vw, 639px\" \/><\/figure><\/div>\n\n\n<p>Ser\u00eda fant\u00e1stico poder culpar a la econom\u00eda o al pa\u00eds, a los pol\u00edticos o a la pareja de nuestros eventuales fracasos, ya que as\u00ed no tendr\u00edamos que hacernos cargo\u2026 Pero la vida no funciona de esa manera. La realidad es que todo lo que te ocurre es el resultado de las acciones y decisiones que tomas y dejas de tomar. Hace 2000 a\u00f1os los griegos afirmaban:&nbsp;<em>Lo que te afecta no es lo que te sucede, sino c\u00f3mo interpretas lo que te sucede.<\/em><\/p>\n<p>L\u00f3gicamente, el estado y sus decisiones, tu entorno y la situaci\u00f3n econ\u00f3mica que te rodea, te afectar\u00e1n en mayor o menor medida, te complicar\u00e1n m\u00e1s o menos tus planes y tus sue\u00f1os. Sin embargo, este condicionamiento no es determinante. Nadie te quita la libertad de elegir c\u00f3mo responder a cualquier situaci\u00f3n que te toque vivir. No hay pared que no caiga si la golpeo en el lugar apropiado la suficiente cantidad de tiempo.<\/p>\n<p>En \u00faltima instancia somos el resultado de nuestra forma de pensar y de actuar. Y esto, aunque cueste digerirlo, y por momentos nos genere una gran resistencia interior, otorga una libertad y energ\u00eda ilimitadas. Nos hace tomar conciencia de la fuerza tremenda de transformaci\u00f3n que todo ser humano posee por el mero hecho de ser humano.<\/p>\n<p>Distinto del animal, con libre albedr\u00edo, es decir con potestad para obrar por reflexi\u00f3n y elecci\u00f3n, para decidir c\u00f3mo responder a cualquier circunstancia que le toque enfrentar en la vida. Con capacidad \u00fanica de imaginar un futuro y ponerse a caminar detr\u00e1s de \u00e9l.<\/p>\n<p>Es esa misma libertad interior \u00fanica e irreemplazable la que te impulsa a definir metas existenciales por la cuales valga, no la pena sino la alegr\u00eda, el esfuerzo para alcanzarlas.<\/p>\n<p>Por lo tanto, si quieres ser exitoso en tu carrera cuida bien qu\u00e9 piensas, decide bien c\u00f3mo act\u00faas y elige bien con quien te rodeas y a qui\u00e9n escuchas. Ya que tu \u00e9xito depender\u00e1 en gran medida de las ideas que dejes entrar en tu cabeza.<\/p>\n<p>Peter Senge dec\u00eda: <em>\u201cLa gente cree que es libre en ausencia de controles externos. Pero sin embargo es prisionera de una forma de dominaci\u00f3n m\u00e1s profunda e insidiosa: tiene una sola manera de mirar el mundo\u201d.<\/em><\/p>\n<p>Por eso, como afirmaba el gran psiquiatra Viktor E. Frankl:&nbsp;<em>\u201cCuando ya no somos capaces de cambiar una situaci\u00f3n, nos encontramos ante el desaf\u00edo de cambiarnos a nosotros mismos\u201d.<\/em><\/p>\n\n\n<p class=\"wp-block-paragraph\"><br><\/p>\n\n\n\n<p class=\"wp-block-paragraph\">Ing. Ra\u00fal A. Perez Verzini<br>Instructor TPM N\u00b0 723 &#8211; JIPM<br>Magister en Desarrollo y Comportamiento Organizacional<\/p>\n","protected":false},"excerpt":{"rendered":"<p>El \u00e9xito en la carrera y en la vida no es algo que te pasa\u00a0a\u00a0vos. Es algo que te pasa\u00a0por vos.<\/p>\n","protected":false},"author":4,"featured_media":3380,"comment_status":"open","ping_status":"open","sticky":false,"template":"","format":"standard","meta":{"_acf_changed":false,"_crdt_document":"","footnotes":""},"categories":[175,54],"tags":[239],"class_list":["post-3372","post","type-post","status-publish","format-standard","has-post-thumbnail","hentry","category-coaching-ejecutivo","category-newsletters","tag-desarrollo-profesional"],"acf":[],"yoast_head":"<!-- This site is optimized with the Yoast SEO plugin v27.5 - https:\/\/yoast.com\/product\/yoast-seo-wordpress\/ -->\n<title>Desarrollo Profesional y Desarrollo Personal - Action Group, Education &amp; Consulting<\/title>\n<meta name=\"description\" content=\"El \u00e9xito en la carrera y en la vida no es algo que te pasa\u00a0a\u00a0vos. Es algo que te pasa\u00a0por vos. Newsletters\" \/>\n<meta name=\"robots\" content=\"index, follow, max-snippet:-1, max-image-preview:large, max-video-preview:-1\" \/>\n<link rel=\"canonical\" href=\"https:\/\/actiongroup.com.ar\/es\/desarrollo-profesional-y-desarrollo-personal\/\" \/>\n<meta property=\"og:locale\" content=\"es_ES\" \/>\n<meta property=\"og:type\" content=\"article\" \/>\n<meta property=\"og:title\" content=\"Desarrollo Profesional y Desarrollo Personal - Action Group, Education &amp; Consulting\" \/>\n<meta property=\"og:description\" content=\"El \u00e9xito en la carrera y en la vida no es algo que te pasa\u00a0a\u00a0vos. Es algo que te pasa\u00a0por vos. Newsletters\" \/>\n<meta property=\"og:url\" content=\"https:\/\/actiongroup.com.ar\/es\/desarrollo-profesional-y-desarrollo-personal\/\" \/>\n<meta property=\"og:site_name\" content=\"Action Group, Education &amp; Consulting\" \/>\n<meta property=\"article:publisher\" content=\"https:\/\/web.facebook.com\/ActionGroup\/?ref=ts&amp;amp%3bamp%3bamp%3bfref=ts\" \/>\n<meta property=\"article:published_time\" content=\"2019-01-03T00:00:14+00:00\" \/>\n<meta property=\"article:modified_time\" content=\"2019-01-03T00:00:29+00:00\" \/>\n<meta property=\"og:image\" content=\"https:\/\/actiongroup.com.ar\/wp-content\/uploads\/2018\/12\/desarrollo-profesional-personal.jpg\" \/>\n\t<meta property=\"og:image:width\" content=\"639\" \/>\n\t<meta property=\"og:image:height\" content=\"360\" \/>\n\t<meta property=\"og:image:type\" content=\"image\/jpeg\" \/>\n<meta name=\"author\" content=\"Ing. Ra\u00fal A. Perez Verzini\" \/>\n<meta name=\"twitter:card\" content=\"summary_large_image\" \/>\n<meta name=\"twitter:creator\" content=\"@actiongroup_ar\" \/>\n<meta name=\"twitter:site\" content=\"@actiongroup_ar\" \/>\n<meta name=\"twitter:label1\" content=\"Escrito por\" \/>\n\t<meta name=\"twitter:data1\" content=\"Ing. Ra\u00fal A. Perez Verzini\" \/>\n\t<meta name=\"twitter:label2\" content=\"Tiempo de lectura\" \/>\n\t<meta name=\"twitter:data2\" content=\"3 minutos\" \/>\n<script type=\"application\/ld+json\" class=\"yoast-schema-graph\">{\"@context\":\"https:\\\/\\\/schema.org\",\"@graph\":[{\"@type\":\"Article\",\"@id\":\"https:\\\/\\\/actiongroup.com.ar\\\/desarrollo-profesional-y-desarrollo-personal\\\/#article\",\"isPartOf\":{\"@id\":\"https:\\\/\\\/actiongroup.com.ar\\\/desarrollo-profesional-y-desarrollo-personal\\\/\"},\"author\":{\"name\":\"Ing. Ra\u00fal A. Perez Verzini\",\"@id\":\"https:\\\/\\\/actiongroup.com.ar\\\/#\\\/schema\\\/person\\\/137c7a455c4ee5c9817231909390d028\"},\"headline\":\"Desarrollo Profesional y Desarrollo Personal\",\"datePublished\":\"2019-01-03T00:00:14+00:00\",\"dateModified\":\"2019-01-03T00:00:29+00:00\",\"mainEntityOfPage\":{\"@id\":\"https:\\\/\\\/actiongroup.com.ar\\\/desarrollo-profesional-y-desarrollo-personal\\\/\"},\"wordCount\":566,\"commentCount\":0,\"publisher\":{\"@id\":\"https:\\\/\\\/actiongroup.com.ar\\\/#organization\"},\"image\":{\"@id\":\"https:\\\/\\\/actiongroup.com.ar\\\/desarrollo-profesional-y-desarrollo-personal\\\/#primaryimage\"},\"thumbnailUrl\":\"https:\\\/\\\/actiongroup.com.ar\\\/wp-content\\\/uploads\\\/2018\\\/12\\\/desarrollo-profesional-personal.jpg\",\"keywords\":[\"Desarrollo Profesional\"],\"articleSection\":[\"Coaching Ejecutivo\",\"Newsletters\"],\"inLanguage\":\"es-AR\",\"potentialAction\":[{\"@type\":\"CommentAction\",\"name\":\"Comment\",\"target\":[\"https:\\\/\\\/actiongroup.com.ar\\\/desarrollo-profesional-y-desarrollo-personal\\\/#respond\"]}]},{\"@type\":\"WebPage\",\"@id\":\"https:\\\/\\\/actiongroup.com.ar\\\/desarrollo-profesional-y-desarrollo-personal\\\/\",\"url\":\"https:\\\/\\\/actiongroup.com.ar\\\/desarrollo-profesional-y-desarrollo-personal\\\/\",\"name\":\"Desarrollo Profesional y Desarrollo Personal - Action Group, Education &amp; Consulting\",\"isPartOf\":{\"@id\":\"https:\\\/\\\/actiongroup.com.ar\\\/#website\"},\"primaryImageOfPage\":{\"@id\":\"https:\\\/\\\/actiongroup.com.ar\\\/desarrollo-profesional-y-desarrollo-personal\\\/#primaryimage\"},\"image\":{\"@id\":\"https:\\\/\\\/actiongroup.com.ar\\\/desarrollo-profesional-y-desarrollo-personal\\\/#primaryimage\"},\"thumbnailUrl\":\"https:\\\/\\\/actiongroup.com.ar\\\/wp-content\\\/uploads\\\/2018\\\/12\\\/desarrollo-profesional-personal.jpg\",\"datePublished\":\"2019-01-03T00:00:14+00:00\",\"dateModified\":\"2019-01-03T00:00:29+00:00\",\"description\":\"El \u00e9xito en la carrera y en la vida no es algo que te pasa\u00a0a\u00a0vos. Es algo que te pasa\u00a0por vos. Newsletters\",\"breadcrumb\":{\"@id\":\"https:\\\/\\\/actiongroup.com.ar\\\/desarrollo-profesional-y-desarrollo-personal\\\/#breadcrumb\"},\"inLanguage\":\"es-AR\",\"potentialAction\":[{\"@type\":\"ReadAction\",\"target\":[\"https:\\\/\\\/actiongroup.com.ar\\\/desarrollo-profesional-y-desarrollo-personal\\\/\"]}]},{\"@type\":\"ImageObject\",\"inLanguage\":\"es-AR\",\"@id\":\"https:\\\/\\\/actiongroup.com.ar\\\/desarrollo-profesional-y-desarrollo-personal\\\/#primaryimage\",\"url\":\"https:\\\/\\\/actiongroup.com.ar\\\/wp-content\\\/uploads\\\/2018\\\/12\\\/desarrollo-profesional-personal.jpg\",\"contentUrl\":\"https:\\\/\\\/actiongroup.com.ar\\\/wp-content\\\/uploads\\\/2018\\\/12\\\/desarrollo-profesional-personal.jpg\",\"width\":639,\"height\":360},{\"@type\":\"BreadcrumbList\",\"@id\":\"https:\\\/\\\/actiongroup.com.ar\\\/desarrollo-profesional-y-desarrollo-personal\\\/#breadcrumb\",\"itemListElement\":[{\"@type\":\"ListItem\",\"position\":1,\"name\":\"Home\",\"item\":\"https:\\\/\\\/actiongroup.com.ar\\\/\"},{\"@type\":\"ListItem\",\"position\":2,\"name\":\"Desarrollo Profesional y Desarrollo Personal\"}]},{\"@type\":\"WebSite\",\"@id\":\"https:\\\/\\\/actiongroup.com.ar\\\/#website\",\"url\":\"https:\\\/\\\/actiongroup.com.ar\\\/\",\"name\":\"Action Group, Education &amp; Consulting\",\"description\":\"Desarrollo Organizacional, Excelencia Operacional, RRHH y Selecci\u00f3n\",\"publisher\":{\"@id\":\"https:\\\/\\\/actiongroup.com.ar\\\/#organization\"},\"potentialAction\":[{\"@type\":\"SearchAction\",\"target\":{\"@type\":\"EntryPoint\",\"urlTemplate\":\"https:\\\/\\\/actiongroup.com.ar\\\/?s={search_term_string}\"},\"query-input\":{\"@type\":\"PropertyValueSpecification\",\"valueRequired\":true,\"valueName\":\"search_term_string\"}}],\"inLanguage\":\"es-AR\"},{\"@type\":\"Organization\",\"@id\":\"https:\\\/\\\/actiongroup.com.ar\\\/#organization\",\"name\":\"Action Group, Education & Consulting\",\"url\":\"https:\\\/\\\/actiongroup.com.ar\\\/\",\"logo\":{\"@type\":\"ImageObject\",\"inLanguage\":\"es-AR\",\"@id\":\"https:\\\/\\\/actiongroup.com.ar\\\/#\\\/schema\\\/logo\\\/image\\\/\",\"url\":\"https:\\\/\\\/i1.wp.com\\\/www.actiongroup.com.ar\\\/wp-content\\\/uploads\\\/2016\\\/10\\\/logo.png?fit=342%2C69\",\"contentUrl\":\"https:\\\/\\\/i1.wp.com\\\/www.actiongroup.com.ar\\\/wp-content\\\/uploads\\\/2016\\\/10\\\/logo.png?fit=342%2C69\",\"width\":342,\"height\":69,\"caption\":\"Action Group, Education & Consulting\"},\"image\":{\"@id\":\"https:\\\/\\\/actiongroup.com.ar\\\/#\\\/schema\\\/logo\\\/image\\\/\"},\"sameAs\":[\"https:\\\/\\\/web.facebook.com\\\/ActionGroup\\\/?ref=ts&amp;amp;amp;fref=ts\",\"https:\\\/\\\/x.com\\\/actiongroup_ar\",\"https:\\\/\\\/ar.linkedin.com\\\/in\\\/ra\u00fal-a-perez-verzini-b5213b1\\\/es\"]},{\"@type\":\"Person\",\"@id\":\"https:\\\/\\\/actiongroup.com.ar\\\/#\\\/schema\\\/person\\\/137c7a455c4ee5c9817231909390d028\",\"name\":\"Ing. Ra\u00fal A. Perez Verzini\",\"image\":{\"@type\":\"ImageObject\",\"inLanguage\":\"es-AR\",\"@id\":\"https:\\\/\\\/secure.gravatar.com\\\/avatar\\\/71f3a07960c5db379bbf9fafe56ae4624863c3fb8ec5f0c2182629c6d51eafd0?s=96&d=mm&r=g\",\"url\":\"https:\\\/\\\/secure.gravatar.com\\\/avatar\\\/71f3a07960c5db379bbf9fafe56ae4624863c3fb8ec5f0c2182629c6d51eafd0?s=96&d=mm&r=g\",\"contentUrl\":\"https:\\\/\\\/secure.gravatar.com\\\/avatar\\\/71f3a07960c5db379bbf9fafe56ae4624863c3fb8ec5f0c2182629c6d51eafd0?s=96&d=mm&r=g\",\"caption\":\"Ing. Ra\u00fal A. Perez Verzini\"},\"description\":\"Estudi\u00f3 en Chile, Colombia, Brasil, USA, Canad\u00e1 y Jap\u00f3n los procesos de involucraci\u00f3n de las personas y su impacto en los aumentos de productividad, calidad y rentabilidad. Graduado en Ingenier\u00eda Civil por la Universidad Cat\u00f3lica de C\u00f3rdoba. Director y Consultor de Action Group, Education &amp; Consulting.\",\"sameAs\":[\"http:\\\/\\\/www.linkedin.com\\\/in\\\/raulperezverzini\"],\"url\":\"https:\\\/\\\/actiongroup.com.ar\\\/es\\\/author\\\/raul\\\/\"}]}<\/script>\n<!-- \/ Yoast SEO plugin. -->","yoast_head_json":{"title":"Desarrollo Profesional y Desarrollo Personal - Action Group, Education &amp; Consulting","description":"El \u00e9xito en la carrera y en la vida no es algo que te pasa\u00a0a\u00a0vos. Es algo que te pasa\u00a0por vos. Newsletters","robots":{"index":"index","follow":"follow","max-snippet":"max-snippet:-1","max-image-preview":"max-image-preview:large","max-video-preview":"max-video-preview:-1"},"canonical":"https:\/\/actiongroup.com.ar\/es\/desarrollo-profesional-y-desarrollo-personal\/","og_locale":"es_ES","og_type":"article","og_title":"Desarrollo Profesional y Desarrollo Personal - Action Group, Education &amp; Consulting","og_description":"El \u00e9xito en la carrera y en la vida no es algo que te pasa\u00a0a\u00a0vos. Es algo que te pasa\u00a0por vos. Newsletters","og_url":"https:\/\/actiongroup.com.ar\/es\/desarrollo-profesional-y-desarrollo-personal\/","og_site_name":"Action Group, Education &amp; Consulting","article_publisher":"https:\/\/web.facebook.com\/ActionGroup\/?ref=ts&amp%3bamp%3bamp%3bfref=ts","article_published_time":"2019-01-03T00:00:14+00:00","article_modified_time":"2019-01-03T00:00:29+00:00","og_image":[{"width":639,"height":360,"url":"https:\/\/actiongroup.com.ar\/wp-content\/uploads\/2018\/12\/desarrollo-profesional-personal.jpg","type":"image\/jpeg"}],"author":"Ing. Ra\u00fal A. Perez Verzini","twitter_card":"summary_large_image","twitter_creator":"@actiongroup_ar","twitter_site":"@actiongroup_ar","twitter_misc":{"Escrito por":"Ing. Ra\u00fal A. Perez Verzini","Tiempo de lectura":"3 minutos"},"schema":{"@context":"https:\/\/schema.org","@graph":[{"@type":"Article","@id":"https:\/\/actiongroup.com.ar\/desarrollo-profesional-y-desarrollo-personal\/#article","isPartOf":{"@id":"https:\/\/actiongroup.com.ar\/desarrollo-profesional-y-desarrollo-personal\/"},"author":{"name":"Ing. Ra\u00fal A. Perez Verzini","@id":"https:\/\/actiongroup.com.ar\/#\/schema\/person\/137c7a455c4ee5c9817231909390d028"},"headline":"Desarrollo Profesional y Desarrollo Personal","datePublished":"2019-01-03T00:00:14+00:00","dateModified":"2019-01-03T00:00:29+00:00","mainEntityOfPage":{"@id":"https:\/\/actiongroup.com.ar\/desarrollo-profesional-y-desarrollo-personal\/"},"wordCount":566,"commentCount":0,"publisher":{"@id":"https:\/\/actiongroup.com.ar\/#organization"},"image":{"@id":"https:\/\/actiongroup.com.ar\/desarrollo-profesional-y-desarrollo-personal\/#primaryimage"},"thumbnailUrl":"https:\/\/actiongroup.com.ar\/wp-content\/uploads\/2018\/12\/desarrollo-profesional-personal.jpg","keywords":["Desarrollo Profesional"],"articleSection":["Coaching Ejecutivo","Newsletters"],"inLanguage":"es-AR","potentialAction":[{"@type":"CommentAction","name":"Comment","target":["https:\/\/actiongroup.com.ar\/desarrollo-profesional-y-desarrollo-personal\/#respond"]}]},{"@type":"WebPage","@id":"https:\/\/actiongroup.com.ar\/desarrollo-profesional-y-desarrollo-personal\/","url":"https:\/\/actiongroup.com.ar\/desarrollo-profesional-y-desarrollo-personal\/","name":"Desarrollo Profesional y Desarrollo Personal - Action Group, Education &amp; Consulting","isPartOf":{"@id":"https:\/\/actiongroup.com.ar\/#website"},"primaryImageOfPage":{"@id":"https:\/\/actiongroup.com.ar\/desarrollo-profesional-y-desarrollo-personal\/#primaryimage"},"image":{"@id":"https:\/\/actiongroup.com.ar\/desarrollo-profesional-y-desarrollo-personal\/#primaryimage"},"thumbnailUrl":"https:\/\/actiongroup.com.ar\/wp-content\/uploads\/2018\/12\/desarrollo-profesional-personal.jpg","datePublished":"2019-01-03T00:00:14+00:00","dateModified":"2019-01-03T00:00:29+00:00","description":"El \u00e9xito en la carrera y en la vida no es algo que te pasa\u00a0a\u00a0vos. Es algo que te pasa\u00a0por vos. Newsletters","breadcrumb":{"@id":"https:\/\/actiongroup.com.ar\/desarrollo-profesional-y-desarrollo-personal\/#breadcrumb"},"inLanguage":"es-AR","potentialAction":[{"@type":"ReadAction","target":["https:\/\/actiongroup.com.ar\/desarrollo-profesional-y-desarrollo-personal\/"]}]},{"@type":"ImageObject","inLanguage":"es-AR","@id":"https:\/\/actiongroup.com.ar\/desarrollo-profesional-y-desarrollo-personal\/#primaryimage","url":"https:\/\/actiongroup.com.ar\/wp-content\/uploads\/2018\/12\/desarrollo-profesional-personal.jpg","contentUrl":"https:\/\/actiongroup.com.ar\/wp-content\/uploads\/2018\/12\/desarrollo-profesional-personal.jpg","width":639,"height":360},{"@type":"BreadcrumbList","@id":"https:\/\/actiongroup.com.ar\/desarrollo-profesional-y-desarrollo-personal\/#breadcrumb","itemListElement":[{"@type":"ListItem","position":1,"name":"Home","item":"https:\/\/actiongroup.com.ar\/"},{"@type":"ListItem","position":2,"name":"Desarrollo Profesional y Desarrollo Personal"}]},{"@type":"WebSite","@id":"https:\/\/actiongroup.com.ar\/#website","url":"https:\/\/actiongroup.com.ar\/","name":"Action Group, Education &amp; Consulting","description":"Desarrollo Organizacional, Excelencia Operacional, RRHH y Selecci\u00f3n","publisher":{"@id":"https:\/\/actiongroup.com.ar\/#organization"},"potentialAction":[{"@type":"SearchAction","target":{"@type":"EntryPoint","urlTemplate":"https:\/\/actiongroup.com.ar\/?s={search_term_string}"},"query-input":{"@type":"PropertyValueSpecification","valueRequired":true,"valueName":"search_term_string"}}],"inLanguage":"es-AR"},{"@type":"Organization","@id":"https:\/\/actiongroup.com.ar\/#organization","name":"Action Group, Education & Consulting","url":"https:\/\/actiongroup.com.ar\/","logo":{"@type":"ImageObject","inLanguage":"es-AR","@id":"https:\/\/actiongroup.com.ar\/#\/schema\/logo\/image\/","url":"https:\/\/i1.wp.com\/www.actiongroup.com.ar\/wp-content\/uploads\/2016\/10\/logo.png?fit=342%2C69","contentUrl":"https:\/\/i1.wp.com\/www.actiongroup.com.ar\/wp-content\/uploads\/2016\/10\/logo.png?fit=342%2C69","width":342,"height":69,"caption":"Action Group, Education & Consulting"},"image":{"@id":"https:\/\/actiongroup.com.ar\/#\/schema\/logo\/image\/"},"sameAs":["https:\/\/web.facebook.com\/ActionGroup\/?ref=ts&amp;amp;amp;fref=ts","https:\/\/x.com\/actiongroup_ar","https:\/\/ar.linkedin.com\/in\/ra\u00fal-a-perez-verzini-b5213b1\/es"]},{"@type":"Person","@id":"https:\/\/actiongroup.com.ar\/#\/schema\/person\/137c7a455c4ee5c9817231909390d028","name":"Ing. Ra\u00fal A. Perez Verzini","image":{"@type":"ImageObject","inLanguage":"es-AR","@id":"https:\/\/secure.gravatar.com\/avatar\/71f3a07960c5db379bbf9fafe56ae4624863c3fb8ec5f0c2182629c6d51eafd0?s=96&d=mm&r=g","url":"https:\/\/secure.gravatar.com\/avatar\/71f3a07960c5db379bbf9fafe56ae4624863c3fb8ec5f0c2182629c6d51eafd0?s=96&d=mm&r=g","contentUrl":"https:\/\/secure.gravatar.com\/avatar\/71f3a07960c5db379bbf9fafe56ae4624863c3fb8ec5f0c2182629c6d51eafd0?s=96&d=mm&r=g","caption":"Ing. Ra\u00fal A. Perez Verzini"},"description":"Estudi\u00f3 en Chile, Colombia, Brasil, USA, Canad\u00e1 y Jap\u00f3n los procesos de involucraci\u00f3n de las personas y su impacto en los aumentos de productividad, calidad y rentabilidad. Graduado en Ingenier\u00eda Civil por la Universidad Cat\u00f3lica de C\u00f3rdoba. Director y Consultor de Action Group, Education &amp; Consulting.","sameAs":["http:\/\/www.linkedin.com\/in\/raulperezverzini"],"url":"https:\/\/actiongroup.com.ar\/es\/author\/raul\/"}]}},"publishpress_future_action":{"enabled":false,"date":"2026-05-06 19:15:09","action":"change-status","newStatus":"draft","terms":[],"taxonomy":"category","extraData":[]},"publishpress_future_workflow_manual_trigger":{"enabledWorkflows":[]},"_links":{"self":[{"href":"https:\/\/actiongroup.com.ar\/es\/wp-json\/wp\/v2\/posts\/3372","targetHints":{"allow":["GET"]}}],"collection":[{"href":"https:\/\/actiongroup.com.ar\/es\/wp-json\/wp\/v2\/posts"}],"about":[{"href":"https:\/\/actiongroup.com.ar\/es\/wp-json\/wp\/v2\/types\/post"}],"author":[{"embeddable":true,"href":"https:\/\/actiongroup.com.ar\/es\/wp-json\/wp\/v2\/users\/4"}],"replies":[{"embeddable":true,"href":"https:\/\/actiongroup.com.ar\/es\/wp-json\/wp\/v2\/comments?post=3372"}],"version-history":[{"count":22,"href":"https:\/\/actiongroup.com.ar\/es\/wp-json\/wp\/v2\/posts\/3372\/revisions"}],"predecessor-version":[{"id":3400,"href":"https:\/\/actiongroup.com.ar\/es\/wp-json\/wp\/v2\/posts\/3372\/revisions\/3400"}],"wp:featuredmedia":[{"embeddable":true,"href":"https:\/\/actiongroup.com.ar\/es\/wp-json\/wp\/v2\/media\/3380"}],"wp:attachment":[{"href":"https:\/\/actiongroup.com.ar\/es\/wp-json\/wp\/v2\/media?parent=3372"}],"wp:term":[{"taxonomy":"category","embeddable":true,"href":"https:\/\/actiongroup.com.ar\/es\/wp-json\/wp\/v2\/categories?post=3372"},{"taxonomy":"post_tag","embeddable":true,"href":"https:\/\/actiongroup.com.ar\/es\/wp-json\/wp\/v2\/tags?post=3372"}],"curies":[{"name":"wp","href":"https:\/\/api.w.org\/{rel}","templated":true}]}}