{"id":500,"date":"2011-02-07T14:05:50","date_gmt":"2011-02-07T17:05:50","guid":{"rendered":"http:\/\/actiongroup.com.ar\/?p=500"},"modified":"2016-09-28T14:54:33","modified_gmt":"2016-09-28T17:54:33","slug":"reactivos-el-mal-argentino-por-excelencia-tato-bores-in-memoriam","status":"publish","type":"post","link":"https:\/\/actiongroup.com.ar\/es\/reactivos-el-mal-argentino-por-excelencia-tato-bores-in-memoriam\/","title":{"rendered":"Reactivos. El mal argentino por excelencia. Tato Bores (In Memoriam)"},"content":{"rendered":"<p><em>El texto a continuaci\u00f3n es un extracto de uno de los famosos mon\u00f3logos del desaparecido &#8220;actor c\u00f3mico de la naci\u00f3n&#8221; Tato Bores. Su genialidad aun nos ayuda a re\u00edrnos sin por eso dejar de reflexionar. Hacernos cargo en lugar de siempre culpar a otro por lo que nos pasa, ser\u00e1 la \u00fanica forma de que podamos como personas, empresas y pa\u00eds salir adelante. <\/em><\/p>\n<p>\u201cLa culpa de todo la tiene el ministro de Econom\u00eda\u00a0 dijo uno.<strong><br \/>\n<\/strong>\u00a1No se\u00f1or! dijo el ministro de Econom\u00eda mientras buscaba un mango debajo del z\u00f3calo.<br \/>\nLa culpa de todo la tienen los evasores.<br \/>\n\u00a1Mentiras! dijeron los evasores mientras cobraban el 50%\u00a0 en\u00a0negro y el otro 50%\u00a0tambi\u00e9n en negro. La culpa de todo la tienen los que nos quieren matar con tanto impuesto.<br \/>\n\u00a1Falso!\u00a0dijeron los de la DGI mientras preparaban un nuevo impuesto al\u00a0estornudo. La culpa de todo la tiene la patria contratista; ellos se llevaron toda la guita.<br \/>\n\u00a1Pero, por favor&#8230;!\u00a0 dijo un empresario de la patria contratista mientras\u00a0cobraba peaje a la entrada de las escuelas p\u00fablicas. La culpa de todo la tienen los de la patria financiera.<br \/>\n\u00a1Calumnias! dijo un banquero mientras depositaba a su madre a siete d\u00edas.<br \/>\nLa culpa de todo la tienen los corruptos que no tienen moral.<br \/>\n\u00a1Se equivoca! dijo un corrupto mientras vend\u00eda a cien d\u00f3lares un libro que se llamaba &#8220;Haga su propio curro&#8221; pero que, en realidad, s\u00f3lo conten\u00eda p\u00e1ginas en blanco. La culpa de todo la tiene la burocracia \u00a0que hace aumentar el gasto p\u00fablico.<br \/>\n\u00a1No es cierto! dijo un empleado p\u00fablico mientras con una mano se rascaba el pupo y con la otra el trasero. La culpa de todo la tienen los pol\u00edticos que prometen una cosa para nosotros y hacen otra para \u00a0ellos.<br \/>\n\u00a1Eso es pura maldad! dijo un diputado mientras preguntaba d\u00f3nde quedaba el edificio del Congreso. La culpa de todo la tienen los due\u00f1os de la tierra que no nos dejaron nada.<br \/>\n\u00a1Patra\u00f1as! dijo un terrateniente mientras contaba hect\u00e1reas, vacas, ovejas, peones y recordaba antiguos viajes a Francia y a\u00f1oraba el placer de tirar manteca al techo. La culpa de todo la tienen los comunistas.<br \/>\n\u00a1Perversos! dijeron los del politbur\u00f3 local mientras bajaban l\u00ednea para\u00a0elaborar el duelo. La culpa de todo la tiene la guerrilla trotskista.<br \/>\n\u00a1Verso! dijo un guerrillero mientras armaba un coche-bomba para salvar a\u00a0la\u00a0humanidad. La culpa de todo la tienen los fascistas.<br \/>\n\u00a1Malvados! dijo un fascista mientras quemaba una parva de libros\u00a0juntamente\u00a0con el librero. La culpa de todo la tienen los jud\u00edos.<br \/>\n\u00a1Racistas! dijo un sionista mientras miraba torcido a un coreano del Once.\u00a0La culpa de todo la tienen los curas que siempre se meten en lo que no les\u00a0importa.<br \/>\n\u00a1Blasfemia! dijo un obispo mientras fabricaba ojos de agujas como para que pasaran diez camellos al trote. La culpa de todo la tienen los cient\u00edficos\u00a0que creen en el Big Bang y no en Dios.<br \/>\n\u00a1Error! dijo un cient\u00edfico mientras dise\u00f1aba una bomba capaz de matar m\u00e1s\u00a0gente en menos tiempo con menos ruido y mucho m\u00e1s barata. La culpa de todo\u00a0la tienen los padres que no educan a sus hijos.<br \/>\n\u00a1Infamia! dijo un padre mientras trataba de recordar cu\u00e1ntos hijos ten\u00eda\u00a0exactamente. La culpa de todo la tienen los ladrones que no nos dejan vivir.<br \/>\n\u00a1Me ofenden! dijo un ladr\u00f3n mientras arrebataba una cadenita a una\u00a0jubilada y, de paso, la tiraba a ella debajo del tren. La culpa de todo la tienen los\u00a0polic\u00edas que tienen el gatillo f\u00e1cil y la pizza abundante.<br \/>\n\u00a1Minga! dijo un polic\u00eda mientras primero tiraba y despu\u00e9s preguntaba. La culpa de todo la tiene la Justicia que permite que los delincuentes entren\u00a0por una puerta y salgan por la otra.<br \/>\n\u00a1Desacato! dijo un juez mientras cos\u00eda pacientemente un expediente de m\u00e1s\u00a0de\u00a0quinientas fojas que luego, a la noche, volver\u00eda a descoser. La culpa de\u00a0todo la tienen los militares que siempre se creyeron los due\u00f1os de la\u00a0verdad y los salvadores de la patria.<br \/>\n\u00a1Negativo! dijo un coronel\u00a0mientras ordenaba a su asistente que fuera preparando buen tiempo para el fin de semana. La culpa de todo la tienen\u00a0los\u00a0j\u00f3venes de pelo largo.<br \/>\n\u00a1Ustedes est\u00e1n del coco!\u00a0 dijo un joven mientras ped\u00eda explicaciones de\u00a0por\u00a0qu\u00e9 para ingresar a la facultad hab\u00eda que saber leer y escribir. La culpa\u00a0de\u00a0todo la tienen los ancianos por dejarnos el pa\u00eds que nos dejaron.<br \/>\n\u00a1Embusteros! dijo un se\u00f1or mayor mientras pregonaba que para volver a las\u00a0viejas buenas \u00e9pocas nada mejor que una buena guerra mundial. La culpa de\u00a0todo la tienen los periodistas porque junto con\u00a0la noticia aprovechan para contrabandear ideas y negocios propios.<br \/>\n\u00a1Censura! dijo un periodista mientras, con los dedos cruzados, rezaba por la violaci\u00f3n y el asesinato nuestro de cada d\u00eda. La culpa de todo la tiene el imperialismo.<br \/>\nThat&#8217;s not true! (\u00a1Eso no es cierto!) dijo un imperialista mientras\u00a0cargaba\u00a0en su barco un trozo de territorio con su subsuelo, su espacio a\u00e9reo y su\u00a0gente incluida. The ones to blame are the sepoy, that allowed us to take\u00a0even the cat (la culpa la tienen los cipayos que nos permitieron llevarnos\u00a0hasta el gato).<br \/>\n\u00a1Infundios! dijo un cipayo mientras marcaba en un plano las provincias m\u00e1s\u00a0rentables. La culpa de todo la tiene Magoya.<br \/>\n\u00a1Rid\u00edculo! dijo Magoya acostumbrado a estas situaciones. La culpa de todo\u00a0la\u00a0tiene Montoto.<br \/>\n\u00a1Cobardes! dijo Montoto que de esto tambi\u00e9n sab\u00eda un mont\u00f3n. La culpa de\u00a0todo la tiene la gente como vos por escribir boludeces.<\/p>\n<p>\u00a1Paren la mano! dije yo mientras me proteg\u00eda detr\u00e1s de un buz\u00f3n. Yo s\u00e9\u00a0qui\u00e9n tiene la culpa de todo. La culpa de todo la tiene El Otro. \u00a1El Otro\u00a0siempre tiene la culpa!<br \/>\n\u00a1Eso, eso! exclamaron todos a coro. El se\u00f1or tiene raz\u00f3n: la culpa de todo\u00a0la tiene El Otro.<br \/>\nDicho lo cual, despu\u00e9s de gritar un rato, romper algunas vidrieras y\/o pagar alguna solicitada, y\/o concurrir a alg\u00fan programa de opini\u00f3n en televisi\u00f3n\u00a0(de acuerdo con cada estilo), nos marchamos a nuestras casas por ser ya la\u00a0hora de cenar y porque el culpable ya hab\u00eda sido descubierto. Mientras nos \u00edbamos no pod\u00edamos dejar de pensar: \u00a1Qu\u00e9 flor de h. de p. que\u00a0result\u00f3 ser El<strong> <\/strong> Otro&#8230;!\u201d<\/p>\n","protected":false},"excerpt":{"rendered":"<p>El texto a continuaci\u00f3n es un extracto de uno de&#8230; <\/p>\n","protected":false},"author":4,"featured_media":503,"comment_status":"closed","ping_status":"open","sticky":false,"template":"","format":"standard","meta":{"_acf_changed":false,"_crdt_document":"","footnotes":""},"categories":[54],"tags":[196],"class_list":["post-500","post","type-post","status-publish","format-standard","has-post-thumbnail","hentry","category-newsletters","tag-responsabilidad"],"acf":[],"yoast_head":"<!-- This site is optimized with the Yoast SEO plugin v27.5 - https:\/\/yoast.com\/product\/yoast-seo-wordpress\/ -->\n<title>Reactivos. El mal argentino por excelencia. Tato Bores (In Memoriam) - Action Group, Education &amp; Consulting<\/title>\n<meta name=\"description\" content=\"El texto a continuaci\u00f3n es un extracto de uno de los famosos mon\u00f3logos del desaparecido &quot;actor c\u00f3mico de la naci\u00f3n&quot; Tato Bores. Su genialidad aun nos\" \/>\n<meta name=\"robots\" content=\"index, follow, max-snippet:-1, max-image-preview:large, max-video-preview:-1\" \/>\n<link rel=\"canonical\" href=\"https:\/\/actiongroup.com.ar\/es\/reactivos-el-mal-argentino-por-excelencia-tato-bores-in-memoriam\/\" \/>\n<meta property=\"og:locale\" content=\"es_ES\" \/>\n<meta property=\"og:type\" content=\"article\" \/>\n<meta property=\"og:title\" content=\"Reactivos. El mal argentino por excelencia. Tato Bores (In Memoriam) - Action Group, Education &amp; Consulting\" \/>\n<meta property=\"og:description\" content=\"El texto a continuaci\u00f3n es un extracto de uno de los famosos mon\u00f3logos del desaparecido &quot;actor c\u00f3mico de la naci\u00f3n&quot; Tato Bores. Su genialidad aun nos\" \/>\n<meta property=\"og:url\" content=\"https:\/\/actiongroup.com.ar\/es\/reactivos-el-mal-argentino-por-excelencia-tato-bores-in-memoriam\/\" \/>\n<meta property=\"og:site_name\" content=\"Action Group, Education &amp; Consulting\" \/>\n<meta property=\"article:publisher\" content=\"https:\/\/web.facebook.com\/ActionGroup\/?ref=ts&amp;amp%3bamp%3bamp%3bfref=ts\" \/>\n<meta property=\"article:published_time\" content=\"2011-02-07T17:05:50+00:00\" \/>\n<meta property=\"article:modified_time\" content=\"2016-09-28T17:54:33+00:00\" \/>\n<meta property=\"og:image\" content=\"https:\/\/actiongroup.com.ar\/wp-content\/uploads\/2011\/02\/TatoBores.jpg\" \/>\n\t<meta property=\"og:image:width\" content=\"310\" \/>\n\t<meta property=\"og:image:height\" content=\"311\" \/>\n\t<meta property=\"og:image:type\" content=\"image\/jpeg\" \/>\n<meta name=\"author\" content=\"Ing. Ra\u00fal A. Perez Verzini\" \/>\n<meta name=\"twitter:card\" content=\"summary_large_image\" \/>\n<meta name=\"twitter:creator\" content=\"@actiongroup_ar\" \/>\n<meta name=\"twitter:site\" content=\"@actiongroup_ar\" \/>\n<meta name=\"twitter:label1\" content=\"Escrito por\" \/>\n\t<meta name=\"twitter:data1\" content=\"Ing. Ra\u00fal A. Perez Verzini\" \/>\n\t<meta name=\"twitter:label2\" content=\"Tiempo de lectura\" \/>\n\t<meta name=\"twitter:data2\" content=\"6 minutos\" \/>\n<script type=\"application\/ld+json\" class=\"yoast-schema-graph\">{\"@context\":\"https:\\\/\\\/schema.org\",\"@graph\":[{\"@type\":\"Article\",\"@id\":\"https:\\\/\\\/actiongroup.com.ar\\\/reactivos-el-mal-argentino-por-excelencia-tato-bores-in-memoriam\\\/#article\",\"isPartOf\":{\"@id\":\"https:\\\/\\\/actiongroup.com.ar\\\/reactivos-el-mal-argentino-por-excelencia-tato-bores-in-memoriam\\\/\"},\"author\":{\"name\":\"Ing. Ra\u00fal A. Perez Verzini\",\"@id\":\"https:\\\/\\\/actiongroup.com.ar\\\/#\\\/schema\\\/person\\\/137c7a455c4ee5c9817231909390d028\"},\"headline\":\"Reactivos. El mal argentino por excelencia. Tato Bores (In Memoriam)\",\"datePublished\":\"2011-02-07T17:05:50+00:00\",\"dateModified\":\"2016-09-28T17:54:33+00:00\",\"mainEntityOfPage\":{\"@id\":\"https:\\\/\\\/actiongroup.com.ar\\\/reactivos-el-mal-argentino-por-excelencia-tato-bores-in-memoriam\\\/\"},\"wordCount\":1119,\"publisher\":{\"@id\":\"https:\\\/\\\/actiongroup.com.ar\\\/#organization\"},\"image\":{\"@id\":\"https:\\\/\\\/actiongroup.com.ar\\\/reactivos-el-mal-argentino-por-excelencia-tato-bores-in-memoriam\\\/#primaryimage\"},\"thumbnailUrl\":\"https:\\\/\\\/actiongroup.com.ar\\\/wp-content\\\/uploads\\\/2011\\\/02\\\/TatoBores.jpg\",\"keywords\":[\"Responsabilidad\"],\"articleSection\":[\"Newsletters\"],\"inLanguage\":\"es-AR\"},{\"@type\":\"WebPage\",\"@id\":\"https:\\\/\\\/actiongroup.com.ar\\\/reactivos-el-mal-argentino-por-excelencia-tato-bores-in-memoriam\\\/\",\"url\":\"https:\\\/\\\/actiongroup.com.ar\\\/reactivos-el-mal-argentino-por-excelencia-tato-bores-in-memoriam\\\/\",\"name\":\"Reactivos. El mal argentino por excelencia. Tato Bores (In Memoriam) - Action Group, Education &amp; Consulting\",\"isPartOf\":{\"@id\":\"https:\\\/\\\/actiongroup.com.ar\\\/#website\"},\"primaryImageOfPage\":{\"@id\":\"https:\\\/\\\/actiongroup.com.ar\\\/reactivos-el-mal-argentino-por-excelencia-tato-bores-in-memoriam\\\/#primaryimage\"},\"image\":{\"@id\":\"https:\\\/\\\/actiongroup.com.ar\\\/reactivos-el-mal-argentino-por-excelencia-tato-bores-in-memoriam\\\/#primaryimage\"},\"thumbnailUrl\":\"https:\\\/\\\/actiongroup.com.ar\\\/wp-content\\\/uploads\\\/2011\\\/02\\\/TatoBores.jpg\",\"datePublished\":\"2011-02-07T17:05:50+00:00\",\"dateModified\":\"2016-09-28T17:54:33+00:00\",\"description\":\"El texto a continuaci\u00f3n es un extracto de uno de los famosos mon\u00f3logos del desaparecido \\\"actor c\u00f3mico de la naci\u00f3n\\\" Tato Bores. Su genialidad aun nos\",\"breadcrumb\":{\"@id\":\"https:\\\/\\\/actiongroup.com.ar\\\/reactivos-el-mal-argentino-por-excelencia-tato-bores-in-memoriam\\\/#breadcrumb\"},\"inLanguage\":\"es-AR\",\"potentialAction\":[{\"@type\":\"ReadAction\",\"target\":[\"https:\\\/\\\/actiongroup.com.ar\\\/reactivos-el-mal-argentino-por-excelencia-tato-bores-in-memoriam\\\/\"]}]},{\"@type\":\"ImageObject\",\"inLanguage\":\"es-AR\",\"@id\":\"https:\\\/\\\/actiongroup.com.ar\\\/reactivos-el-mal-argentino-por-excelencia-tato-bores-in-memoriam\\\/#primaryimage\",\"url\":\"https:\\\/\\\/actiongroup.com.ar\\\/wp-content\\\/uploads\\\/2011\\\/02\\\/TatoBores.jpg\",\"contentUrl\":\"https:\\\/\\\/actiongroup.com.ar\\\/wp-content\\\/uploads\\\/2011\\\/02\\\/TatoBores.jpg\",\"width\":310,\"height\":311},{\"@type\":\"BreadcrumbList\",\"@id\":\"https:\\\/\\\/actiongroup.com.ar\\\/reactivos-el-mal-argentino-por-excelencia-tato-bores-in-memoriam\\\/#breadcrumb\",\"itemListElement\":[{\"@type\":\"ListItem\",\"position\":1,\"name\":\"Home\",\"item\":\"https:\\\/\\\/actiongroup.com.ar\\\/\"},{\"@type\":\"ListItem\",\"position\":2,\"name\":\"Reactivos. El mal argentino por excelencia. Tato Bores (In Memoriam)\"}]},{\"@type\":\"WebSite\",\"@id\":\"https:\\\/\\\/actiongroup.com.ar\\\/#website\",\"url\":\"https:\\\/\\\/actiongroup.com.ar\\\/\",\"name\":\"Action Group, Education &amp; Consulting\",\"description\":\"Desarrollo Organizacional, Excelencia Operacional, RRHH y Selecci\u00f3n\",\"publisher\":{\"@id\":\"https:\\\/\\\/actiongroup.com.ar\\\/#organization\"},\"potentialAction\":[{\"@type\":\"SearchAction\",\"target\":{\"@type\":\"EntryPoint\",\"urlTemplate\":\"https:\\\/\\\/actiongroup.com.ar\\\/?s={search_term_string}\"},\"query-input\":{\"@type\":\"PropertyValueSpecification\",\"valueRequired\":true,\"valueName\":\"search_term_string\"}}],\"inLanguage\":\"es-AR\"},{\"@type\":\"Organization\",\"@id\":\"https:\\\/\\\/actiongroup.com.ar\\\/#organization\",\"name\":\"Action Group, Education & Consulting\",\"url\":\"https:\\\/\\\/actiongroup.com.ar\\\/\",\"logo\":{\"@type\":\"ImageObject\",\"inLanguage\":\"es-AR\",\"@id\":\"https:\\\/\\\/actiongroup.com.ar\\\/#\\\/schema\\\/logo\\\/image\\\/\",\"url\":\"https:\\\/\\\/i1.wp.com\\\/www.actiongroup.com.ar\\\/wp-content\\\/uploads\\\/2016\\\/10\\\/logo.png?fit=342%2C69\",\"contentUrl\":\"https:\\\/\\\/i1.wp.com\\\/www.actiongroup.com.ar\\\/wp-content\\\/uploads\\\/2016\\\/10\\\/logo.png?fit=342%2C69\",\"width\":342,\"height\":69,\"caption\":\"Action Group, Education & Consulting\"},\"image\":{\"@id\":\"https:\\\/\\\/actiongroup.com.ar\\\/#\\\/schema\\\/logo\\\/image\\\/\"},\"sameAs\":[\"https:\\\/\\\/web.facebook.com\\\/ActionGroup\\\/?ref=ts&amp;amp;amp;fref=ts\",\"https:\\\/\\\/x.com\\\/actiongroup_ar\",\"https:\\\/\\\/ar.linkedin.com\\\/in\\\/ra\u00fal-a-perez-verzini-b5213b1\\\/es\"]},{\"@type\":\"Person\",\"@id\":\"https:\\\/\\\/actiongroup.com.ar\\\/#\\\/schema\\\/person\\\/137c7a455c4ee5c9817231909390d028\",\"name\":\"Ing. Ra\u00fal A. Perez Verzini\",\"image\":{\"@type\":\"ImageObject\",\"inLanguage\":\"es-AR\",\"@id\":\"https:\\\/\\\/secure.gravatar.com\\\/avatar\\\/71f3a07960c5db379bbf9fafe56ae4624863c3fb8ec5f0c2182629c6d51eafd0?s=96&d=mm&r=g\",\"url\":\"https:\\\/\\\/secure.gravatar.com\\\/avatar\\\/71f3a07960c5db379bbf9fafe56ae4624863c3fb8ec5f0c2182629c6d51eafd0?s=96&d=mm&r=g\",\"contentUrl\":\"https:\\\/\\\/secure.gravatar.com\\\/avatar\\\/71f3a07960c5db379bbf9fafe56ae4624863c3fb8ec5f0c2182629c6d51eafd0?s=96&d=mm&r=g\",\"caption\":\"Ing. Ra\u00fal A. Perez Verzini\"},\"description\":\"Estudi\u00f3 en Chile, Colombia, Brasil, USA, Canad\u00e1 y Jap\u00f3n los procesos de involucraci\u00f3n de las personas y su impacto en los aumentos de productividad, calidad y rentabilidad. Graduado en Ingenier\u00eda Civil por la Universidad Cat\u00f3lica de C\u00f3rdoba. Director y Consultor de Action Group, Education &amp; Consulting.\",\"sameAs\":[\"http:\\\/\\\/www.linkedin.com\\\/in\\\/raulperezverzini\"],\"url\":\"https:\\\/\\\/actiongroup.com.ar\\\/es\\\/author\\\/raul\\\/\"}]}<\/script>\n<!-- \/ Yoast SEO plugin. -->","yoast_head_json":{"title":"Reactivos. El mal argentino por excelencia. Tato Bores (In Memoriam) - Action Group, Education &amp; Consulting","description":"El texto a continuaci\u00f3n es un extracto de uno de los famosos mon\u00f3logos del desaparecido \"actor c\u00f3mico de la naci\u00f3n\" Tato Bores. Su genialidad aun nos","robots":{"index":"index","follow":"follow","max-snippet":"max-snippet:-1","max-image-preview":"max-image-preview:large","max-video-preview":"max-video-preview:-1"},"canonical":"https:\/\/actiongroup.com.ar\/es\/reactivos-el-mal-argentino-por-excelencia-tato-bores-in-memoriam\/","og_locale":"es_ES","og_type":"article","og_title":"Reactivos. El mal argentino por excelencia. Tato Bores (In Memoriam) - Action Group, Education &amp; Consulting","og_description":"El texto a continuaci\u00f3n es un extracto de uno de los famosos mon\u00f3logos del desaparecido \"actor c\u00f3mico de la naci\u00f3n\" Tato Bores. Su genialidad aun nos","og_url":"https:\/\/actiongroup.com.ar\/es\/reactivos-el-mal-argentino-por-excelencia-tato-bores-in-memoriam\/","og_site_name":"Action Group, Education &amp; Consulting","article_publisher":"https:\/\/web.facebook.com\/ActionGroup\/?ref=ts&amp%3bamp%3bamp%3bfref=ts","article_published_time":"2011-02-07T17:05:50+00:00","article_modified_time":"2016-09-28T17:54:33+00:00","og_image":[{"width":310,"height":311,"url":"https:\/\/actiongroup.com.ar\/wp-content\/uploads\/2011\/02\/TatoBores.jpg","type":"image\/jpeg"}],"author":"Ing. Ra\u00fal A. Perez Verzini","twitter_card":"summary_large_image","twitter_creator":"@actiongroup_ar","twitter_site":"@actiongroup_ar","twitter_misc":{"Escrito por":"Ing. Ra\u00fal A. Perez Verzini","Tiempo de lectura":"6 minutos"},"schema":{"@context":"https:\/\/schema.org","@graph":[{"@type":"Article","@id":"https:\/\/actiongroup.com.ar\/reactivos-el-mal-argentino-por-excelencia-tato-bores-in-memoriam\/#article","isPartOf":{"@id":"https:\/\/actiongroup.com.ar\/reactivos-el-mal-argentino-por-excelencia-tato-bores-in-memoriam\/"},"author":{"name":"Ing. Ra\u00fal A. Perez Verzini","@id":"https:\/\/actiongroup.com.ar\/#\/schema\/person\/137c7a455c4ee5c9817231909390d028"},"headline":"Reactivos. El mal argentino por excelencia. Tato Bores (In Memoriam)","datePublished":"2011-02-07T17:05:50+00:00","dateModified":"2016-09-28T17:54:33+00:00","mainEntityOfPage":{"@id":"https:\/\/actiongroup.com.ar\/reactivos-el-mal-argentino-por-excelencia-tato-bores-in-memoriam\/"},"wordCount":1119,"publisher":{"@id":"https:\/\/actiongroup.com.ar\/#organization"},"image":{"@id":"https:\/\/actiongroup.com.ar\/reactivos-el-mal-argentino-por-excelencia-tato-bores-in-memoriam\/#primaryimage"},"thumbnailUrl":"https:\/\/actiongroup.com.ar\/wp-content\/uploads\/2011\/02\/TatoBores.jpg","keywords":["Responsabilidad"],"articleSection":["Newsletters"],"inLanguage":"es-AR"},{"@type":"WebPage","@id":"https:\/\/actiongroup.com.ar\/reactivos-el-mal-argentino-por-excelencia-tato-bores-in-memoriam\/","url":"https:\/\/actiongroup.com.ar\/reactivos-el-mal-argentino-por-excelencia-tato-bores-in-memoriam\/","name":"Reactivos. El mal argentino por excelencia. Tato Bores (In Memoriam) - Action Group, Education &amp; Consulting","isPartOf":{"@id":"https:\/\/actiongroup.com.ar\/#website"},"primaryImageOfPage":{"@id":"https:\/\/actiongroup.com.ar\/reactivos-el-mal-argentino-por-excelencia-tato-bores-in-memoriam\/#primaryimage"},"image":{"@id":"https:\/\/actiongroup.com.ar\/reactivos-el-mal-argentino-por-excelencia-tato-bores-in-memoriam\/#primaryimage"},"thumbnailUrl":"https:\/\/actiongroup.com.ar\/wp-content\/uploads\/2011\/02\/TatoBores.jpg","datePublished":"2011-02-07T17:05:50+00:00","dateModified":"2016-09-28T17:54:33+00:00","description":"El texto a continuaci\u00f3n es un extracto de uno de los famosos mon\u00f3logos del desaparecido \"actor c\u00f3mico de la naci\u00f3n\" Tato Bores. Su genialidad aun nos","breadcrumb":{"@id":"https:\/\/actiongroup.com.ar\/reactivos-el-mal-argentino-por-excelencia-tato-bores-in-memoriam\/#breadcrumb"},"inLanguage":"es-AR","potentialAction":[{"@type":"ReadAction","target":["https:\/\/actiongroup.com.ar\/reactivos-el-mal-argentino-por-excelencia-tato-bores-in-memoriam\/"]}]},{"@type":"ImageObject","inLanguage":"es-AR","@id":"https:\/\/actiongroup.com.ar\/reactivos-el-mal-argentino-por-excelencia-tato-bores-in-memoriam\/#primaryimage","url":"https:\/\/actiongroup.com.ar\/wp-content\/uploads\/2011\/02\/TatoBores.jpg","contentUrl":"https:\/\/actiongroup.com.ar\/wp-content\/uploads\/2011\/02\/TatoBores.jpg","width":310,"height":311},{"@type":"BreadcrumbList","@id":"https:\/\/actiongroup.com.ar\/reactivos-el-mal-argentino-por-excelencia-tato-bores-in-memoriam\/#breadcrumb","itemListElement":[{"@type":"ListItem","position":1,"name":"Home","item":"https:\/\/actiongroup.com.ar\/"},{"@type":"ListItem","position":2,"name":"Reactivos. El mal argentino por excelencia. Tato Bores (In Memoriam)"}]},{"@type":"WebSite","@id":"https:\/\/actiongroup.com.ar\/#website","url":"https:\/\/actiongroup.com.ar\/","name":"Action Group, Education &amp; Consulting","description":"Desarrollo Organizacional, Excelencia Operacional, RRHH y Selecci\u00f3n","publisher":{"@id":"https:\/\/actiongroup.com.ar\/#organization"},"potentialAction":[{"@type":"SearchAction","target":{"@type":"EntryPoint","urlTemplate":"https:\/\/actiongroup.com.ar\/?s={search_term_string}"},"query-input":{"@type":"PropertyValueSpecification","valueRequired":true,"valueName":"search_term_string"}}],"inLanguage":"es-AR"},{"@type":"Organization","@id":"https:\/\/actiongroup.com.ar\/#organization","name":"Action Group, Education & Consulting","url":"https:\/\/actiongroup.com.ar\/","logo":{"@type":"ImageObject","inLanguage":"es-AR","@id":"https:\/\/actiongroup.com.ar\/#\/schema\/logo\/image\/","url":"https:\/\/i1.wp.com\/www.actiongroup.com.ar\/wp-content\/uploads\/2016\/10\/logo.png?fit=342%2C69","contentUrl":"https:\/\/i1.wp.com\/www.actiongroup.com.ar\/wp-content\/uploads\/2016\/10\/logo.png?fit=342%2C69","width":342,"height":69,"caption":"Action Group, Education & Consulting"},"image":{"@id":"https:\/\/actiongroup.com.ar\/#\/schema\/logo\/image\/"},"sameAs":["https:\/\/web.facebook.com\/ActionGroup\/?ref=ts&amp;amp;amp;fref=ts","https:\/\/x.com\/actiongroup_ar","https:\/\/ar.linkedin.com\/in\/ra\u00fal-a-perez-verzini-b5213b1\/es"]},{"@type":"Person","@id":"https:\/\/actiongroup.com.ar\/#\/schema\/person\/137c7a455c4ee5c9817231909390d028","name":"Ing. Ra\u00fal A. Perez Verzini","image":{"@type":"ImageObject","inLanguage":"es-AR","@id":"https:\/\/secure.gravatar.com\/avatar\/71f3a07960c5db379bbf9fafe56ae4624863c3fb8ec5f0c2182629c6d51eafd0?s=96&d=mm&r=g","url":"https:\/\/secure.gravatar.com\/avatar\/71f3a07960c5db379bbf9fafe56ae4624863c3fb8ec5f0c2182629c6d51eafd0?s=96&d=mm&r=g","contentUrl":"https:\/\/secure.gravatar.com\/avatar\/71f3a07960c5db379bbf9fafe56ae4624863c3fb8ec5f0c2182629c6d51eafd0?s=96&d=mm&r=g","caption":"Ing. Ra\u00fal A. Perez Verzini"},"description":"Estudi\u00f3 en Chile, Colombia, Brasil, USA, Canad\u00e1 y Jap\u00f3n los procesos de involucraci\u00f3n de las personas y su impacto en los aumentos de productividad, calidad y rentabilidad. Graduado en Ingenier\u00eda Civil por la Universidad Cat\u00f3lica de C\u00f3rdoba. Director y Consultor de Action Group, Education &amp; Consulting.","sameAs":["http:\/\/www.linkedin.com\/in\/raulperezverzini"],"url":"https:\/\/actiongroup.com.ar\/es\/author\/raul\/"}]}},"publishpress_future_action":{"enabled":false,"date":"2026-05-08 08:55:51","action":"change-status","newStatus":"draft","terms":[],"taxonomy":"category","extraData":[]},"publishpress_future_workflow_manual_trigger":{"enabledWorkflows":[]},"_links":{"self":[{"href":"https:\/\/actiongroup.com.ar\/es\/wp-json\/wp\/v2\/posts\/500","targetHints":{"allow":["GET"]}}],"collection":[{"href":"https:\/\/actiongroup.com.ar\/es\/wp-json\/wp\/v2\/posts"}],"about":[{"href":"https:\/\/actiongroup.com.ar\/es\/wp-json\/wp\/v2\/types\/post"}],"author":[{"embeddable":true,"href":"https:\/\/actiongroup.com.ar\/es\/wp-json\/wp\/v2\/users\/4"}],"replies":[{"embeddable":true,"href":"https:\/\/actiongroup.com.ar\/es\/wp-json\/wp\/v2\/comments?post=500"}],"version-history":[{"count":0,"href":"https:\/\/actiongroup.com.ar\/es\/wp-json\/wp\/v2\/posts\/500\/revisions"}],"wp:featuredmedia":[{"embeddable":true,"href":"https:\/\/actiongroup.com.ar\/es\/wp-json\/wp\/v2\/media\/503"}],"wp:attachment":[{"href":"https:\/\/actiongroup.com.ar\/es\/wp-json\/wp\/v2\/media?parent=500"}],"wp:term":[{"taxonomy":"category","embeddable":true,"href":"https:\/\/actiongroup.com.ar\/es\/wp-json\/wp\/v2\/categories?post=500"},{"taxonomy":"post_tag","embeddable":true,"href":"https:\/\/actiongroup.com.ar\/es\/wp-json\/wp\/v2\/tags?post=500"}],"curies":[{"name":"wp","href":"https:\/\/api.w.org\/{rel}","templated":true}]}}