{"id":7,"date":"2010-11-08T04:42:30","date_gmt":"2010-11-08T07:42:30","guid":{"rendered":"http:\/\/actiongroup.com.ar\/?p=7"},"modified":"2016-09-28T14:54:35","modified_gmt":"2016-09-28T17:54:35","slug":"programa-de-5-s-semillas-de-cambio-organizacional","status":"publish","type":"post","link":"https:\/\/actiongroup.com.ar\/es\/programa-de-5-s-semillas-de-cambio-organizacional\/","title":{"rendered":"Programa de 5 &#8220;S&#8221;: Semillas de Cambio Organizacional"},"content":{"rendered":"<p>El contenido resulta tan importante para la industria como para los servicios, independientemente de la dimensi\u00f3n de la\u00a0empresa.<br \/>\nRecomendamos asistir a quienes est\u00e9n interesados en la aplicaci\u00f3n de la herramienta por s\u00ed misma o como sustento para otros procesos como el TPM, Kaizen o Lean.<br \/>\nDurante las jornadas se presentan casos pr\u00e1cticos reales y se revisan todos aquellos aspectos a considerar en la implementaci\u00f3n.<\/p>\n<p>Hacemos especial hincapi\u00e9 en los aspectos culturales y en la forma de gestionar el cambio que \u00e9sta metodolog\u00eda supone. Desde nuestra visi\u00f3n,\u00a0las 5S son, m\u00e1s que orden y limpieza, un cambio cultural.<\/p>\n<blockquote><p>FECHA: A convenir<strong><br \/>\n<\/strong><span style=\"text-decoration: underline;\">DURACION<\/span>: 5\u00a0jornadas de 8hs cada una.<strong><br \/>\n<\/strong><span style=\"text-decoration: underline;\">LUGAR<\/span>: Preferentemente empresas dispuestas a abrir sus instalaciones a fin de hacer una aplicaci\u00f3n pr\u00e1ctica.<br \/>\nMAS INFORMACION: Ver Preguntas Frecuentes &#8211; FAQ&#8217;s<\/p><\/blockquote>\n<h2>Temario<strong>: 5&#8243;S&#8221;: Semillas de Cambio Organizacional<\/strong><\/h2>\n<p><strong>Las Cinco S: m\u00e1s que orden y limpieza, un cambio cultural<br \/>\n<\/strong>El contexto para la implementaci\u00f3n de las 5 \u201cS\u201d<br \/>\nConcepto de p\u00e9rdida: Qu\u00e9 queremos evitar con las 5 \u201cS\u201d<br \/>\nBeneficios y resistencias que resultan de su aplicaci\u00f3n.<br \/>\n<strong><br \/>\nM\u00f3dulo 2: Implementaci\u00f3n del programa<br \/>\n<\/strong>Factores clave de \u00e9xito<br \/>\nIndicadores de Gesti\u00f3n<br \/>\nResponsabilidades de Consejo 5 \u201cS\u201d<br \/>\nLa importancia de la Difusi\u00f3n y Promoci\u00f3n del Programa<\/p>\n<p><strong>M\u00f3dulo 3: Las 5S<br \/>\nSeiri: clasificaci\u00f3n \/ organizaci\u00f3n<\/strong><br \/>\nMetodolog\u00eda de implementaci\u00f3n: Pasos de implementaci\u00f3n de la estrategia de Tarjetas Rojas.<br \/>\nLa clave est\u00e1 en el compromiso<br \/>\nBeneficios de la aplicaci\u00f3n<br \/>\nHerramientas: Check list para verificar el cumplimiento<\/p>\n<p><strong>Seiton: orden<\/strong><br \/>\nMetodolog\u00eda de implementaci\u00f3n<br \/>\nLos 6 pasos para la estrategia de Gesti\u00f3n Visual<br \/>\nEl uso del mapa 5 \u201cS\u201d<br \/>\nEstrategia de Pintura<br \/>\nBeneficios de la aplicaci\u00f3n<br \/>\nHerramientas: Check list para verificar el cumplimiento<\/p>\n<p><strong>Seiso: limpieza<\/strong><br \/>\nMetodolog\u00eda de implementaci\u00f3n: planificaci\u00f3n de la campa\u00f1a de limpieza<br \/>\nLa incorporaci\u00f3n de la inspecci\u00f3n<br \/>\nBeneficios de la aplicaci\u00f3n<br \/>\nHerramientas: Check list para verificar el cumplimiento<\/p>\n<p><strong>Seiketsu: limpieza estandarizada<\/strong><br \/>\nMetodolog\u00eda de implementaci\u00f3n: convirtiendo en h\u00e1bitos las primeras tres \u201cS\u201d<br \/>\nEl siguiente nivel: la prevenci\u00f3n<br \/>\nBeneficios de la aplicaci\u00f3n<br \/>\nHerramientas: Check list para verificar el cumplimiento<\/p>\n<p><strong>Shitsuke: disciplina<\/strong><br \/>\nMetodolog\u00eda de implementaci\u00f3n: herramientas para alcanzar la disciplina<br \/>\nBeneficios de la aplicaci\u00f3n<\/p>\n<p><strong>M\u00f3dulo 4: Posibilidades de aplicar lo aprendido<\/strong><br \/>\nEjemplos de aplicaci\u00f3n en empresas diferentes: servicios, oficinas, industria.<br \/>\nTips para la Alta direcci\u00f3n\/ Mandos \u00a0Medios \/ Operadores<br \/>\nPreguntas frecuentes<\/p>\n<p><strong>M\u00f3dulo 5: El verdadero cambio cultural<br \/>\n<\/strong>Las resistencias m\u00e1s comunes y c\u00f3mo superarlas<br \/>\nModelos mentales: visi\u00f3n mecanicista versus visi\u00f3n sist\u00e9mica<\/p>\n<blockquote>\n<h3>INVERSION<\/h3>\n<p>El costo del Curso Te\u00f3rico Pr\u00e1ctico de 5 &#8220;S&#8221;: Semillas de Cambio Organizacional\u00a0 es de: USD 1000\u00a0por persona.<br \/>\nEstos valores son libres de impuestos y vi\u00e1ticos.<br \/>\nPara agendar cursos fuera de Argentina favor de contactarse <a href=\"mailto:info@actiongroup.com.ar?subject=Contrataci%C3%B3n%20para%20Curso%205S\">aqu\u00ed<\/a><\/p><\/blockquote>\n","protected":false},"excerpt":{"rendered":"<p>Realizamos alianzas con consultoras de Am\u00e9rica Latina para dictar cursos te\u00f3rico pr\u00e1cticos.<\/p>\n","protected":false},"author":4,"featured_media":9,"comment_status":"closed","ping_status":"open","sticky":false,"template":"","format":"standard","meta":{"_acf_changed":false,"_crdt_document":"","footnotes":""},"categories":[14,6,168],"tags":[188],"class_list":["post-7","post","type-post","status-publish","format-standard","has-post-thumbnail","hentry","category-novedades","category-seminarios","category-tpm-mejora-continua","tag-programa-de-5-s"],"acf":[],"yoast_head":"<!-- This site is optimized with the Yoast SEO plugin v27.4 - https:\/\/yoast.com\/product\/yoast-seo-wordpress\/ -->\n<title>Programa de 5 &quot;S&quot;: Semillas de Cambio Organizacional - Action Group, Education &amp; Consulting<\/title>\n<meta name=\"description\" content=\"Realizamos alianzas con consultoras de Am\u00e9rica Latina para dictar cursos te\u00f3rico pr\u00e1cticos.\" \/>\n<meta name=\"robots\" content=\"index, follow, max-snippet:-1, max-image-preview:large, max-video-preview:-1\" \/>\n<link rel=\"canonical\" href=\"https:\/\/actiongroup.com.ar\/es\/programa-de-5-s-semillas-de-cambio-organizacional\/\" \/>\n<meta property=\"og:locale\" content=\"es_ES\" \/>\n<meta property=\"og:type\" content=\"article\" \/>\n<meta property=\"og:title\" content=\"Programa de 5 &quot;S&quot;: Semillas de Cambio Organizacional - Action Group, Education &amp; Consulting\" \/>\n<meta property=\"og:description\" content=\"Realizamos alianzas con consultoras de Am\u00e9rica Latina para dictar cursos te\u00f3rico pr\u00e1cticos.\" \/>\n<meta property=\"og:url\" content=\"https:\/\/actiongroup.com.ar\/es\/programa-de-5-s-semillas-de-cambio-organizacional\/\" \/>\n<meta property=\"og:site_name\" content=\"Action Group, Education &amp; Consulting\" \/>\n<meta property=\"article:publisher\" content=\"https:\/\/web.facebook.com\/ActionGroup\/?ref=ts&amp;amp%3bamp%3bamp%3bfref=ts\" \/>\n<meta property=\"article:published_time\" content=\"2010-11-08T07:42:30+00:00\" \/>\n<meta property=\"article:modified_time\" content=\"2016-09-28T17:54:35+00:00\" \/>\n<meta property=\"og:image\" content=\"https:\/\/actiongroup.com.ar\/wp-content\/uploads\/2010\/12\/tiempo-de-cambio.jpg\" \/>\n\t<meta property=\"og:image:width\" content=\"306\" \/>\n\t<meta property=\"og:image:height\" content=\"300\" \/>\n\t<meta property=\"og:image:type\" content=\"image\/jpeg\" \/>\n<meta name=\"author\" content=\"Ing. Ra\u00fal A. Perez Verzini\" \/>\n<meta name=\"twitter:card\" content=\"summary_large_image\" \/>\n<meta name=\"twitter:creator\" content=\"@actiongroup_ar\" \/>\n<meta name=\"twitter:site\" content=\"@actiongroup_ar\" \/>\n<meta name=\"twitter:label1\" content=\"Escrito por\" \/>\n\t<meta name=\"twitter:data1\" content=\"Ing. Ra\u00fal A. Perez Verzini\" \/>\n\t<meta name=\"twitter:label2\" content=\"Tiempo de lectura\" \/>\n\t<meta name=\"twitter:data2\" content=\"2 minutos\" \/>\n<script type=\"application\/ld+json\" class=\"yoast-schema-graph\">{\"@context\":\"https:\\\/\\\/schema.org\",\"@graph\":[{\"@type\":\"Article\",\"@id\":\"https:\\\/\\\/actiongroup.com.ar\\\/programa-de-5-s-semillas-de-cambio-organizacional\\\/#article\",\"isPartOf\":{\"@id\":\"https:\\\/\\\/actiongroup.com.ar\\\/programa-de-5-s-semillas-de-cambio-organizacional\\\/\"},\"author\":{\"name\":\"Ing. Ra\u00fal A. Perez Verzini\",\"@id\":\"https:\\\/\\\/actiongroup.com.ar\\\/#\\\/schema\\\/person\\\/137c7a455c4ee5c9817231909390d028\"},\"headline\":\"Programa de 5 &#8220;S&#8221;: Semillas de Cambio Organizacional\",\"datePublished\":\"2010-11-08T07:42:30+00:00\",\"dateModified\":\"2016-09-28T17:54:35+00:00\",\"mainEntityOfPage\":{\"@id\":\"https:\\\/\\\/actiongroup.com.ar\\\/programa-de-5-s-semillas-de-cambio-organizacional\\\/\"},\"wordCount\":477,\"publisher\":{\"@id\":\"https:\\\/\\\/actiongroup.com.ar\\\/#organization\"},\"image\":{\"@id\":\"https:\\\/\\\/actiongroup.com.ar\\\/programa-de-5-s-semillas-de-cambio-organizacional\\\/#primaryimage\"},\"thumbnailUrl\":\"https:\\\/\\\/actiongroup.com.ar\\\/wp-content\\\/uploads\\\/2010\\\/12\\\/tiempo-de-cambio.jpg\",\"keywords\":[\"Programa de 5 \\\"S\\\"\"],\"articleSection\":[\"Novedades\",\"Seminarios\",\"TPM \\\/ Mejora Continua\"],\"inLanguage\":\"es-AR\"},{\"@type\":\"WebPage\",\"@id\":\"https:\\\/\\\/actiongroup.com.ar\\\/programa-de-5-s-semillas-de-cambio-organizacional\\\/\",\"url\":\"https:\\\/\\\/actiongroup.com.ar\\\/programa-de-5-s-semillas-de-cambio-organizacional\\\/\",\"name\":\"Programa de 5 \\\"S\\\": Semillas de Cambio Organizacional - Action Group, Education &amp; Consulting\",\"isPartOf\":{\"@id\":\"https:\\\/\\\/actiongroup.com.ar\\\/#website\"},\"primaryImageOfPage\":{\"@id\":\"https:\\\/\\\/actiongroup.com.ar\\\/programa-de-5-s-semillas-de-cambio-organizacional\\\/#primaryimage\"},\"image\":{\"@id\":\"https:\\\/\\\/actiongroup.com.ar\\\/programa-de-5-s-semillas-de-cambio-organizacional\\\/#primaryimage\"},\"thumbnailUrl\":\"https:\\\/\\\/actiongroup.com.ar\\\/wp-content\\\/uploads\\\/2010\\\/12\\\/tiempo-de-cambio.jpg\",\"datePublished\":\"2010-11-08T07:42:30+00:00\",\"dateModified\":\"2016-09-28T17:54:35+00:00\",\"description\":\"Realizamos alianzas con consultoras de Am\u00e9rica Latina para dictar cursos te\u00f3rico pr\u00e1cticos.\",\"breadcrumb\":{\"@id\":\"https:\\\/\\\/actiongroup.com.ar\\\/programa-de-5-s-semillas-de-cambio-organizacional\\\/#breadcrumb\"},\"inLanguage\":\"es-AR\",\"potentialAction\":[{\"@type\":\"ReadAction\",\"target\":[\"https:\\\/\\\/actiongroup.com.ar\\\/programa-de-5-s-semillas-de-cambio-organizacional\\\/\"]}]},{\"@type\":\"ImageObject\",\"inLanguage\":\"es-AR\",\"@id\":\"https:\\\/\\\/actiongroup.com.ar\\\/programa-de-5-s-semillas-de-cambio-organizacional\\\/#primaryimage\",\"url\":\"https:\\\/\\\/actiongroup.com.ar\\\/wp-content\\\/uploads\\\/2010\\\/12\\\/tiempo-de-cambio.jpg\",\"contentUrl\":\"https:\\\/\\\/actiongroup.com.ar\\\/wp-content\\\/uploads\\\/2010\\\/12\\\/tiempo-de-cambio.jpg\",\"width\":306,\"height\":300},{\"@type\":\"BreadcrumbList\",\"@id\":\"https:\\\/\\\/actiongroup.com.ar\\\/programa-de-5-s-semillas-de-cambio-organizacional\\\/#breadcrumb\",\"itemListElement\":[{\"@type\":\"ListItem\",\"position\":1,\"name\":\"Home\",\"item\":\"https:\\\/\\\/actiongroup.com.ar\\\/\"},{\"@type\":\"ListItem\",\"position\":2,\"name\":\"Programa de 5 &#8220;S&#8221;: Semillas de Cambio Organizacional\"}]},{\"@type\":\"WebSite\",\"@id\":\"https:\\\/\\\/actiongroup.com.ar\\\/#website\",\"url\":\"https:\\\/\\\/actiongroup.com.ar\\\/\",\"name\":\"Action Group, Education &amp; Consulting\",\"description\":\"Desarrollo Organizacional, Excelencia Operacional, RRHH y Selecci\u00f3n\",\"publisher\":{\"@id\":\"https:\\\/\\\/actiongroup.com.ar\\\/#organization\"},\"potentialAction\":[{\"@type\":\"SearchAction\",\"target\":{\"@type\":\"EntryPoint\",\"urlTemplate\":\"https:\\\/\\\/actiongroup.com.ar\\\/?s={search_term_string}\"},\"query-input\":{\"@type\":\"PropertyValueSpecification\",\"valueRequired\":true,\"valueName\":\"search_term_string\"}}],\"inLanguage\":\"es-AR\"},{\"@type\":\"Organization\",\"@id\":\"https:\\\/\\\/actiongroup.com.ar\\\/#organization\",\"name\":\"Action Group, Education & Consulting\",\"url\":\"https:\\\/\\\/actiongroup.com.ar\\\/\",\"logo\":{\"@type\":\"ImageObject\",\"inLanguage\":\"es-AR\",\"@id\":\"https:\\\/\\\/actiongroup.com.ar\\\/#\\\/schema\\\/logo\\\/image\\\/\",\"url\":\"https:\\\/\\\/i1.wp.com\\\/www.actiongroup.com.ar\\\/wp-content\\\/uploads\\\/2016\\\/10\\\/logo.png?fit=342%2C69\",\"contentUrl\":\"https:\\\/\\\/i1.wp.com\\\/www.actiongroup.com.ar\\\/wp-content\\\/uploads\\\/2016\\\/10\\\/logo.png?fit=342%2C69\",\"width\":342,\"height\":69,\"caption\":\"Action Group, Education & Consulting\"},\"image\":{\"@id\":\"https:\\\/\\\/actiongroup.com.ar\\\/#\\\/schema\\\/logo\\\/image\\\/\"},\"sameAs\":[\"https:\\\/\\\/web.facebook.com\\\/ActionGroup\\\/?ref=ts&amp;amp;amp;fref=ts\",\"https:\\\/\\\/x.com\\\/actiongroup_ar\",\"https:\\\/\\\/ar.linkedin.com\\\/in\\\/ra\u00fal-a-perez-verzini-b5213b1\\\/es\"]},{\"@type\":\"Person\",\"@id\":\"https:\\\/\\\/actiongroup.com.ar\\\/#\\\/schema\\\/person\\\/137c7a455c4ee5c9817231909390d028\",\"name\":\"Ing. Ra\u00fal A. Perez Verzini\",\"image\":{\"@type\":\"ImageObject\",\"inLanguage\":\"es-AR\",\"@id\":\"https:\\\/\\\/secure.gravatar.com\\\/avatar\\\/71f3a07960c5db379bbf9fafe56ae4624863c3fb8ec5f0c2182629c6d51eafd0?s=96&d=mm&r=g\",\"url\":\"https:\\\/\\\/secure.gravatar.com\\\/avatar\\\/71f3a07960c5db379bbf9fafe56ae4624863c3fb8ec5f0c2182629c6d51eafd0?s=96&d=mm&r=g\",\"contentUrl\":\"https:\\\/\\\/secure.gravatar.com\\\/avatar\\\/71f3a07960c5db379bbf9fafe56ae4624863c3fb8ec5f0c2182629c6d51eafd0?s=96&d=mm&r=g\",\"caption\":\"Ing. Ra\u00fal A. Perez Verzini\"},\"description\":\"Estudi\u00f3 en Chile, Colombia, Brasil, USA, Canad\u00e1 y Jap\u00f3n los procesos de involucraci\u00f3n de las personas y su impacto en los aumentos de productividad, calidad y rentabilidad. Graduado en Ingenier\u00eda Civil por la Universidad Cat\u00f3lica de C\u00f3rdoba. Director y Consultor de Action Group, Education &amp; Consulting.\",\"sameAs\":[\"http:\\\/\\\/www.linkedin.com\\\/in\\\/raulperezverzini\"],\"url\":\"https:\\\/\\\/actiongroup.com.ar\\\/es\\\/author\\\/raul\\\/\"}]}<\/script>\n<!-- \/ Yoast SEO plugin. -->","yoast_head_json":{"title":"Programa de 5 \"S\": Semillas de Cambio Organizacional - Action Group, Education &amp; Consulting","description":"Realizamos alianzas con consultoras de Am\u00e9rica Latina para dictar cursos te\u00f3rico pr\u00e1cticos.","robots":{"index":"index","follow":"follow","max-snippet":"max-snippet:-1","max-image-preview":"max-image-preview:large","max-video-preview":"max-video-preview:-1"},"canonical":"https:\/\/actiongroup.com.ar\/es\/programa-de-5-s-semillas-de-cambio-organizacional\/","og_locale":"es_ES","og_type":"article","og_title":"Programa de 5 \"S\": Semillas de Cambio Organizacional - Action Group, Education &amp; Consulting","og_description":"Realizamos alianzas con consultoras de Am\u00e9rica Latina para dictar cursos te\u00f3rico pr\u00e1cticos.","og_url":"https:\/\/actiongroup.com.ar\/es\/programa-de-5-s-semillas-de-cambio-organizacional\/","og_site_name":"Action Group, Education &amp; Consulting","article_publisher":"https:\/\/web.facebook.com\/ActionGroup\/?ref=ts&amp%3bamp%3bamp%3bfref=ts","article_published_time":"2010-11-08T07:42:30+00:00","article_modified_time":"2016-09-28T17:54:35+00:00","og_image":[{"width":306,"height":300,"url":"https:\/\/actiongroup.com.ar\/wp-content\/uploads\/2010\/12\/tiempo-de-cambio.jpg","type":"image\/jpeg"}],"author":"Ing. Ra\u00fal A. Perez Verzini","twitter_card":"summary_large_image","twitter_creator":"@actiongroup_ar","twitter_site":"@actiongroup_ar","twitter_misc":{"Escrito por":"Ing. Ra\u00fal A. Perez Verzini","Tiempo de lectura":"2 minutos"},"schema":{"@context":"https:\/\/schema.org","@graph":[{"@type":"Article","@id":"https:\/\/actiongroup.com.ar\/programa-de-5-s-semillas-de-cambio-organizacional\/#article","isPartOf":{"@id":"https:\/\/actiongroup.com.ar\/programa-de-5-s-semillas-de-cambio-organizacional\/"},"author":{"name":"Ing. Ra\u00fal A. Perez Verzini","@id":"https:\/\/actiongroup.com.ar\/#\/schema\/person\/137c7a455c4ee5c9817231909390d028"},"headline":"Programa de 5 &#8220;S&#8221;: Semillas de Cambio Organizacional","datePublished":"2010-11-08T07:42:30+00:00","dateModified":"2016-09-28T17:54:35+00:00","mainEntityOfPage":{"@id":"https:\/\/actiongroup.com.ar\/programa-de-5-s-semillas-de-cambio-organizacional\/"},"wordCount":477,"publisher":{"@id":"https:\/\/actiongroup.com.ar\/#organization"},"image":{"@id":"https:\/\/actiongroup.com.ar\/programa-de-5-s-semillas-de-cambio-organizacional\/#primaryimage"},"thumbnailUrl":"https:\/\/actiongroup.com.ar\/wp-content\/uploads\/2010\/12\/tiempo-de-cambio.jpg","keywords":["Programa de 5 \"S\""],"articleSection":["Novedades","Seminarios","TPM \/ Mejora Continua"],"inLanguage":"es-AR"},{"@type":"WebPage","@id":"https:\/\/actiongroup.com.ar\/programa-de-5-s-semillas-de-cambio-organizacional\/","url":"https:\/\/actiongroup.com.ar\/programa-de-5-s-semillas-de-cambio-organizacional\/","name":"Programa de 5 \"S\": Semillas de Cambio Organizacional - Action Group, Education &amp; Consulting","isPartOf":{"@id":"https:\/\/actiongroup.com.ar\/#website"},"primaryImageOfPage":{"@id":"https:\/\/actiongroup.com.ar\/programa-de-5-s-semillas-de-cambio-organizacional\/#primaryimage"},"image":{"@id":"https:\/\/actiongroup.com.ar\/programa-de-5-s-semillas-de-cambio-organizacional\/#primaryimage"},"thumbnailUrl":"https:\/\/actiongroup.com.ar\/wp-content\/uploads\/2010\/12\/tiempo-de-cambio.jpg","datePublished":"2010-11-08T07:42:30+00:00","dateModified":"2016-09-28T17:54:35+00:00","description":"Realizamos alianzas con consultoras de Am\u00e9rica Latina para dictar cursos te\u00f3rico pr\u00e1cticos.","breadcrumb":{"@id":"https:\/\/actiongroup.com.ar\/programa-de-5-s-semillas-de-cambio-organizacional\/#breadcrumb"},"inLanguage":"es-AR","potentialAction":[{"@type":"ReadAction","target":["https:\/\/actiongroup.com.ar\/programa-de-5-s-semillas-de-cambio-organizacional\/"]}]},{"@type":"ImageObject","inLanguage":"es-AR","@id":"https:\/\/actiongroup.com.ar\/programa-de-5-s-semillas-de-cambio-organizacional\/#primaryimage","url":"https:\/\/actiongroup.com.ar\/wp-content\/uploads\/2010\/12\/tiempo-de-cambio.jpg","contentUrl":"https:\/\/actiongroup.com.ar\/wp-content\/uploads\/2010\/12\/tiempo-de-cambio.jpg","width":306,"height":300},{"@type":"BreadcrumbList","@id":"https:\/\/actiongroup.com.ar\/programa-de-5-s-semillas-de-cambio-organizacional\/#breadcrumb","itemListElement":[{"@type":"ListItem","position":1,"name":"Home","item":"https:\/\/actiongroup.com.ar\/"},{"@type":"ListItem","position":2,"name":"Programa de 5 &#8220;S&#8221;: Semillas de Cambio Organizacional"}]},{"@type":"WebSite","@id":"https:\/\/actiongroup.com.ar\/#website","url":"https:\/\/actiongroup.com.ar\/","name":"Action Group, Education &amp; Consulting","description":"Desarrollo Organizacional, Excelencia Operacional, RRHH y Selecci\u00f3n","publisher":{"@id":"https:\/\/actiongroup.com.ar\/#organization"},"potentialAction":[{"@type":"SearchAction","target":{"@type":"EntryPoint","urlTemplate":"https:\/\/actiongroup.com.ar\/?s={search_term_string}"},"query-input":{"@type":"PropertyValueSpecification","valueRequired":true,"valueName":"search_term_string"}}],"inLanguage":"es-AR"},{"@type":"Organization","@id":"https:\/\/actiongroup.com.ar\/#organization","name":"Action Group, Education & Consulting","url":"https:\/\/actiongroup.com.ar\/","logo":{"@type":"ImageObject","inLanguage":"es-AR","@id":"https:\/\/actiongroup.com.ar\/#\/schema\/logo\/image\/","url":"https:\/\/i1.wp.com\/www.actiongroup.com.ar\/wp-content\/uploads\/2016\/10\/logo.png?fit=342%2C69","contentUrl":"https:\/\/i1.wp.com\/www.actiongroup.com.ar\/wp-content\/uploads\/2016\/10\/logo.png?fit=342%2C69","width":342,"height":69,"caption":"Action Group, Education & Consulting"},"image":{"@id":"https:\/\/actiongroup.com.ar\/#\/schema\/logo\/image\/"},"sameAs":["https:\/\/web.facebook.com\/ActionGroup\/?ref=ts&amp;amp;amp;fref=ts","https:\/\/x.com\/actiongroup_ar","https:\/\/ar.linkedin.com\/in\/ra\u00fal-a-perez-verzini-b5213b1\/es"]},{"@type":"Person","@id":"https:\/\/actiongroup.com.ar\/#\/schema\/person\/137c7a455c4ee5c9817231909390d028","name":"Ing. Ra\u00fal A. Perez Verzini","image":{"@type":"ImageObject","inLanguage":"es-AR","@id":"https:\/\/secure.gravatar.com\/avatar\/71f3a07960c5db379bbf9fafe56ae4624863c3fb8ec5f0c2182629c6d51eafd0?s=96&d=mm&r=g","url":"https:\/\/secure.gravatar.com\/avatar\/71f3a07960c5db379bbf9fafe56ae4624863c3fb8ec5f0c2182629c6d51eafd0?s=96&d=mm&r=g","contentUrl":"https:\/\/secure.gravatar.com\/avatar\/71f3a07960c5db379bbf9fafe56ae4624863c3fb8ec5f0c2182629c6d51eafd0?s=96&d=mm&r=g","caption":"Ing. Ra\u00fal A. Perez Verzini"},"description":"Estudi\u00f3 en Chile, Colombia, Brasil, USA, Canad\u00e1 y Jap\u00f3n los procesos de involucraci\u00f3n de las personas y su impacto en los aumentos de productividad, calidad y rentabilidad. Graduado en Ingenier\u00eda Civil por la Universidad Cat\u00f3lica de C\u00f3rdoba. Director y Consultor de Action Group, Education &amp; Consulting.","sameAs":["http:\/\/www.linkedin.com\/in\/raulperezverzini"],"url":"https:\/\/actiongroup.com.ar\/es\/author\/raul\/"}]}},"publishpress_future_action":{"enabled":false,"date":"2026-05-04 03:22:08","action":"change-status","newStatus":"draft","terms":[],"taxonomy":"category","extraData":[]},"publishpress_future_workflow_manual_trigger":{"enabledWorkflows":[]},"_links":{"self":[{"href":"https:\/\/actiongroup.com.ar\/es\/wp-json\/wp\/v2\/posts\/7","targetHints":{"allow":["GET"]}}],"collection":[{"href":"https:\/\/actiongroup.com.ar\/es\/wp-json\/wp\/v2\/posts"}],"about":[{"href":"https:\/\/actiongroup.com.ar\/es\/wp-json\/wp\/v2\/types\/post"}],"author":[{"embeddable":true,"href":"https:\/\/actiongroup.com.ar\/es\/wp-json\/wp\/v2\/users\/4"}],"replies":[{"embeddable":true,"href":"https:\/\/actiongroup.com.ar\/es\/wp-json\/wp\/v2\/comments?post=7"}],"version-history":[{"count":0,"href":"https:\/\/actiongroup.com.ar\/es\/wp-json\/wp\/v2\/posts\/7\/revisions"}],"wp:featuredmedia":[{"embeddable":true,"href":"https:\/\/actiongroup.com.ar\/es\/wp-json\/wp\/v2\/media\/9"}],"wp:attachment":[{"href":"https:\/\/actiongroup.com.ar\/es\/wp-json\/wp\/v2\/media?parent=7"}],"wp:term":[{"taxonomy":"category","embeddable":true,"href":"https:\/\/actiongroup.com.ar\/es\/wp-json\/wp\/v2\/categories?post=7"},{"taxonomy":"post_tag","embeddable":true,"href":"https:\/\/actiongroup.com.ar\/es\/wp-json\/wp\/v2\/tags?post=7"}],"curies":[{"name":"wp","href":"https:\/\/api.w.org\/{rel}","templated":true}]}}