{"id":737,"date":"2007-08-13T11:06:37","date_gmt":"2007-08-13T14:06:37","guid":{"rendered":"http:\/\/actiongroup.com.ar\/?p=737"},"modified":"2016-10-01T20:06:26","modified_gmt":"2016-10-01T23:06:26","slug":"el-tpm-en-las-areas-administrativas","status":"publish","type":"post","link":"https:\/\/actiongroup.com.ar\/es\/el-tpm-en-las-areas-administrativas\/","title":{"rendered":"El TPM en las \u00c1reas Administrativas"},"content":{"rendered":"<p><img loading=\"lazy\" decoding=\"async\" class=\"alignleft size-full wp-image-738\" title=\"nota2_grande\" src=\"http:\/\/actiongroup.com.ar\/wp-content\/uploads\/2011\/02\/nota2_grande1.jpg\" alt=\"\" width=\"160\" height=\"138\" \/>Para que las empresas puedan alcanzar el objetivo global de reducir continuamente sus costos mejorando al mismo tiempo la calidad de los productos y servicios que brindan se requieren \u00e1reas administrativas que den soporte eficaz.<\/p>\n<p>Al contrario que producci\u00f3n, los departamentos administrativos (compras, administraci\u00f3n, ingenier\u00eda, RRHH, etc.) no a\u00f1aden valor de manera directa. Se requiere entonces con m\u00e1s raz\u00f3n, que sean \u00e1giles y eficientes.<\/p>\n<p>Desde el punto de vista del TPM existen 3 grupos de responsabilidades principales para las \u00c1reas Administrativas.<\/p>\n<ol>\n<li>Procesar informaci\u00f3n, aconsejar y ayudar a las actividades de Producci\u00f3n en su objetivo de mejorar continuamente y reducir los costos.<\/li>\n<li>Facilitar a la empresa la tarea de responder r\u00e1pidamente a los cambios lo cual implica mejorar su propia productividad y reducir sus costos. Incluye tambi\u00e9n ayudar en el desarrollo estrat\u00e9gico de la compa\u00f1\u00eda velando por los objetivos de largo plazo.<\/li>\n<li>Por \u00faltimo y como consecuencia de los otros dos, las \u00c1reas Administrativas deben ganar la confianza de los clientes y contribuir a la creaci\u00f3n de una s\u00f3lida imagen empresarial.<\/li>\n<\/ol>\n<p>El funcionamiento de los departamentos administrativos y de apoyo puede optimizarse al menos de dos modos:<\/p>\n<p><strong>Mejorando la eficiencia de los propios departamentos.<\/strong><\/p>\n<ul>\n<li>Mejorar la eficiencia significa aumentar el\u00a0<strong><em>output <\/em><\/strong>mientras se disminuye el\u00a0<strong><em>input<\/em><\/strong>. Para aumentar el output hay que eliminar todo lo que reduzca la eficiencia del sistema de producci\u00f3n aumentando la eficacia de las funciones de trabajo.<\/li>\n<li>Para reducir el input hay que eliminar las p\u00e9rdidas administrativas asociadas con el trabajo y crear un sistema administrativo eficaz que facilite informaci\u00f3n fiable, de alta calidad y oportuna en cuanto a plazo.<\/li>\n<\/ul>\n<p><strong>Desarrollando personas capaces de sostener y mejorar continuamente los sistemas de trabajo.<\/strong><\/p>\n<ul>\n<li>Mejorar las personas requiere clarificar las competencias cr\u00edticas y desarrollar personas h\u00e1biles en el manejo de la informaci\u00f3n.<\/li>\n<\/ul>\n<p>El TPM en \u00c1reas Administrativas se desarrolla en 5 Fases.<\/p>\n<p><strong>1. Crear F\u00e1bricas de Informaci\u00f3n<br \/>\n<\/strong><\/p>\n<p>Un departamento administrativo es una \u201cf\u00e1brica de Informaci\u00f3n\u201d. Toma datos en bruto y les a\u00f1ade valor proces\u00e1ndolos y organiz\u00e1ndolos.<br \/>\nLa informaci\u00f3n que proporcione debe ser:\u00a0<em>de alta calidad, precisa, de bajo costo, presentada de manera clara y oportuna.<br \/>\n<\/em><\/p>\n<p><strong>2. Aplicar el concepto de equipamiento a los procedimientos<\/strong><\/p>\n<p>De la misma manera que en el \u00e1rea de producci\u00f3n se subdividen las tareas para lograr una producci\u00f3n de flujo continuo, este esquema se puede trasladar a los procedimientos administrativos.<strong><\/strong><\/p>\n<p><strong>3. Crear una visi\u00f3n de las condiciones \u00f3ptimas<br \/>\n<\/strong><\/p>\n<p>Cada departamento tiene una funci\u00f3n esencial que cumplir y logros espec\u00edficos que conseguir dentro del sistema total. El TPM es una estrategia de disminuci\u00f3n de GAP&#8217;s (brechas) entre la situaci\u00f3n actual y la condici\u00f3n ideal.<strong><\/strong><\/p>\n<p><strong>4. Desarrollar de las 5 actividades nucleares del TPM:<\/strong><strong><\/strong><\/p>\n<ol>\n<li><strong>Mejoras Enfocadas: <\/strong>eliminar las p\u00e9rdidas cr\u00f3nicas y perseguir la eficiencia de cada uno de los sistemas departamentales.<strong><\/strong><\/li>\n<li><strong>Mantenimiento Aut\u00f3nomo<\/strong>: Busca por un lado reducir los costos y elevar la eficacia del trabajo mejorando la calidad del sistema administrativo. Por el otro, trata de crear entornos sanos donde se elimine el stress f\u00edsico y ps\u00edquico, aliviando tensiones y creando un ambiente agradable.<strong><\/strong><\/li>\n<li><strong>Educaci\u00f3n y Formaci\u00f3n: <\/strong>Adem\u00e1s de las competencias propias del puesto es necesario la capacitaci\u00f3n continua en el uso de las nuevas tecnolog\u00edas a fin de disminuir los tiempos de procesamiento de informaci\u00f3n y mejorar la calidad de las respuestas a los clientes tanto internos como externos. El uso adecuado de la Matriz de habilidades es un instrumento esencial.<strong><\/strong><\/li>\n<li><strong>Dotaci\u00f3n Flexible de Personal: <\/strong>El uso eficaz de los recursos humanos es vital en las \u00e1reas administrativas dado que su costo interno est\u00e1 directamente relacionado al n\u00famero de personas.<strong><\/strong><\/li>\n<li><strong>Medici\u00f3n de Rendimientos: <\/strong>No se mejora lo que no se mide. Conviene mantener un Panel de Indicadores similar a los de la Planta en el que se incluya, adem\u00e1s de las 6 estrategias cr\u00edticas PQCDSM , los siguientes indicadores:<\/li>\n<\/ol>\n<ul style=\"padding-left: 120px;\">\n<li>Tasa de Reducci\u00f3n de Problemas<\/li>\n<li>Reducci\u00f3n de Plazos<\/li>\n<li>Reducci\u00f3n de Stocks<\/li>\n<li>Grado de Cumplimiento de la Misi\u00f3n<\/li>\n<li>Evoluci\u00f3n en la Matriz de Habilidades.<\/li>\n<li>Evoluci\u00f3n en las 5 \u201cS\u201d<\/li>\n<li>N\u00famero de Reuniones en Actividades de Mejoras<\/li>\n<\/ul>\n<p><strong>5. Esforzarse en lograr resultados medibles:<\/strong><strong><\/strong><\/p>\n<p>La clave de la mejora de los departamentos administrativos y de apoyo consiste en verlos como\u00a0<strong>\u201cf\u00e1bricas de Informaci\u00f3n\u201d<\/strong> De la misma manera que no dejar\u00edamos librado al azar un proceso productivo, no deber\u00edan dejarse librados al azar procesos administrativos cr\u00edticos ya que para que el \u00e1rea de Producci\u00f3n pueda reducir sistem\u00e1ticamente su\u00a0<strong>Lead Time<\/strong>, se requiere de un apoyo eficaz de toda la organizaci\u00f3n.<\/p>\n<p>La toma continua de m\u00e9tricas, asociadas a un tablero de comando gerencial, tienen que traducirse en resultados concretos expresados con n\u00fameros que muestren el paso desde el punto de partida (benchmark) al objetivo definido.<\/p>\n<p>Hasta el pr\u00f3ximo news<\/p>\n","protected":false},"excerpt":{"rendered":"<p>Para que las empresas puedan alcanzar el objetivo global de&#8230; <\/p>\n","protected":false},"author":3,"featured_media":738,"comment_status":"closed","ping_status":"open","sticky":false,"template":"","format":"standard","meta":{"_acf_changed":false,"_crdt_document":"","footnotes":""},"categories":[168],"tags":[184,181],"class_list":["post-737","post","type-post","status-publish","format-standard","has-post-thumbnail","hentry","category-tpm-mejora-continua","tag-areas-administrativas","tag-tpm"],"acf":[],"yoast_head":"<!-- This site is optimized with the Yoast SEO plugin v27.5 - https:\/\/yoast.com\/product\/yoast-seo-wordpress\/ -->\n<title>El TPM en las \u00c1reas Administrativas - Action Group, Education &amp; Consulting<\/title>\n<meta name=\"description\" content=\"Para que las empresas puedan alcanzar el objetivo global de reducir continuamente sus costos mejorando al mismo tiempo la calidad de los productos y\" \/>\n<meta name=\"robots\" content=\"index, follow, max-snippet:-1, max-image-preview:large, max-video-preview:-1\" \/>\n<link rel=\"canonical\" href=\"https:\/\/actiongroup.com.ar\/es\/el-tpm-en-las-areas-administrativas\/\" \/>\n<meta property=\"og:locale\" content=\"es_ES\" \/>\n<meta property=\"og:type\" content=\"article\" \/>\n<meta property=\"og:title\" content=\"El TPM en las \u00c1reas Administrativas - Action Group, Education &amp; Consulting\" \/>\n<meta property=\"og:description\" content=\"Para que las empresas puedan alcanzar el objetivo global de reducir continuamente sus costos mejorando al mismo tiempo la calidad de los productos y\" \/>\n<meta property=\"og:url\" content=\"https:\/\/actiongroup.com.ar\/es\/el-tpm-en-las-areas-administrativas\/\" \/>\n<meta property=\"og:site_name\" content=\"Action Group, Education &amp; Consulting\" \/>\n<meta property=\"article:publisher\" content=\"https:\/\/web.facebook.com\/ActionGroup\/?ref=ts&amp;amp%3bamp%3bamp%3bfref=ts\" \/>\n<meta property=\"article:published_time\" content=\"2007-08-13T14:06:37+00:00\" \/>\n<meta property=\"article:modified_time\" content=\"2016-10-01T23:06:26+00:00\" \/>\n<meta property=\"og:image\" content=\"https:\/\/actiongroup.com.ar\/wp-content\/uploads\/2011\/02\/nota2_grande1.jpg\" \/>\n\t<meta property=\"og:image:width\" content=\"160\" \/>\n\t<meta property=\"og:image:height\" content=\"138\" \/>\n\t<meta property=\"og:image:type\" content=\"image\/jpeg\" \/>\n<meta name=\"author\" content=\"Lic. Viviana P. Liptzis\" \/>\n<meta name=\"twitter:card\" content=\"summary_large_image\" \/>\n<meta name=\"twitter:creator\" content=\"@actiongroup_ar\" \/>\n<meta name=\"twitter:site\" content=\"@actiongroup_ar\" \/>\n<meta name=\"twitter:label1\" content=\"Escrito por\" \/>\n\t<meta name=\"twitter:data1\" content=\"Lic. Viviana P. Liptzis\" \/>\n\t<meta name=\"twitter:label2\" content=\"Tiempo de lectura\" \/>\n\t<meta name=\"twitter:data2\" content=\"4 minutos\" \/>\n<script type=\"application\/ld+json\" class=\"yoast-schema-graph\">{\"@context\":\"https:\\\/\\\/schema.org\",\"@graph\":[{\"@type\":\"Article\",\"@id\":\"https:\\\/\\\/actiongroup.com.ar\\\/el-tpm-en-las-areas-administrativas\\\/#article\",\"isPartOf\":{\"@id\":\"https:\\\/\\\/actiongroup.com.ar\\\/el-tpm-en-las-areas-administrativas\\\/\"},\"author\":{\"name\":\"Lic. Viviana P. Liptzis\",\"@id\":\"https:\\\/\\\/actiongroup.com.ar\\\/#\\\/schema\\\/person\\\/f90ca7f4041396d195d0212a037f62ae\"},\"headline\":\"El TPM en las \u00c1reas Administrativas\",\"datePublished\":\"2007-08-13T14:06:37+00:00\",\"dateModified\":\"2016-10-01T23:06:26+00:00\",\"mainEntityOfPage\":{\"@id\":\"https:\\\/\\\/actiongroup.com.ar\\\/el-tpm-en-las-areas-administrativas\\\/\"},\"wordCount\":834,\"publisher\":{\"@id\":\"https:\\\/\\\/actiongroup.com.ar\\\/#organization\"},\"image\":{\"@id\":\"https:\\\/\\\/actiongroup.com.ar\\\/el-tpm-en-las-areas-administrativas\\\/#primaryimage\"},\"thumbnailUrl\":\"https:\\\/\\\/actiongroup.com.ar\\\/wp-content\\\/uploads\\\/2011\\\/02\\\/nota2_grande1.jpg\",\"keywords\":[\"Areas Administrativas\",\"TPM\"],\"articleSection\":[\"TPM \\\/ Mejora Continua\"],\"inLanguage\":\"es-AR\"},{\"@type\":\"WebPage\",\"@id\":\"https:\\\/\\\/actiongroup.com.ar\\\/el-tpm-en-las-areas-administrativas\\\/\",\"url\":\"https:\\\/\\\/actiongroup.com.ar\\\/el-tpm-en-las-areas-administrativas\\\/\",\"name\":\"El TPM en las \u00c1reas Administrativas - Action Group, Education &amp; Consulting\",\"isPartOf\":{\"@id\":\"https:\\\/\\\/actiongroup.com.ar\\\/#website\"},\"primaryImageOfPage\":{\"@id\":\"https:\\\/\\\/actiongroup.com.ar\\\/el-tpm-en-las-areas-administrativas\\\/#primaryimage\"},\"image\":{\"@id\":\"https:\\\/\\\/actiongroup.com.ar\\\/el-tpm-en-las-areas-administrativas\\\/#primaryimage\"},\"thumbnailUrl\":\"https:\\\/\\\/actiongroup.com.ar\\\/wp-content\\\/uploads\\\/2011\\\/02\\\/nota2_grande1.jpg\",\"datePublished\":\"2007-08-13T14:06:37+00:00\",\"dateModified\":\"2016-10-01T23:06:26+00:00\",\"description\":\"Para que las empresas puedan alcanzar el objetivo global de reducir continuamente sus costos mejorando al mismo tiempo la calidad de los productos y\",\"breadcrumb\":{\"@id\":\"https:\\\/\\\/actiongroup.com.ar\\\/el-tpm-en-las-areas-administrativas\\\/#breadcrumb\"},\"inLanguage\":\"es-AR\",\"potentialAction\":[{\"@type\":\"ReadAction\",\"target\":[\"https:\\\/\\\/actiongroup.com.ar\\\/el-tpm-en-las-areas-administrativas\\\/\"]}]},{\"@type\":\"ImageObject\",\"inLanguage\":\"es-AR\",\"@id\":\"https:\\\/\\\/actiongroup.com.ar\\\/el-tpm-en-las-areas-administrativas\\\/#primaryimage\",\"url\":\"https:\\\/\\\/actiongroup.com.ar\\\/wp-content\\\/uploads\\\/2011\\\/02\\\/nota2_grande1.jpg\",\"contentUrl\":\"https:\\\/\\\/actiongroup.com.ar\\\/wp-content\\\/uploads\\\/2011\\\/02\\\/nota2_grande1.jpg\",\"width\":160,\"height\":138},{\"@type\":\"BreadcrumbList\",\"@id\":\"https:\\\/\\\/actiongroup.com.ar\\\/el-tpm-en-las-areas-administrativas\\\/#breadcrumb\",\"itemListElement\":[{\"@type\":\"ListItem\",\"position\":1,\"name\":\"Home\",\"item\":\"https:\\\/\\\/actiongroup.com.ar\\\/\"},{\"@type\":\"ListItem\",\"position\":2,\"name\":\"El TPM en las \u00c1reas Administrativas\"}]},{\"@type\":\"WebSite\",\"@id\":\"https:\\\/\\\/actiongroup.com.ar\\\/#website\",\"url\":\"https:\\\/\\\/actiongroup.com.ar\\\/\",\"name\":\"Action Group, Education &amp; Consulting\",\"description\":\"Desarrollo Organizacional, Excelencia Operacional, RRHH y Selecci\u00f3n\",\"publisher\":{\"@id\":\"https:\\\/\\\/actiongroup.com.ar\\\/#organization\"},\"potentialAction\":[{\"@type\":\"SearchAction\",\"target\":{\"@type\":\"EntryPoint\",\"urlTemplate\":\"https:\\\/\\\/actiongroup.com.ar\\\/?s={search_term_string}\"},\"query-input\":{\"@type\":\"PropertyValueSpecification\",\"valueRequired\":true,\"valueName\":\"search_term_string\"}}],\"inLanguage\":\"es-AR\"},{\"@type\":\"Organization\",\"@id\":\"https:\\\/\\\/actiongroup.com.ar\\\/#organization\",\"name\":\"Action Group, Education & Consulting\",\"url\":\"https:\\\/\\\/actiongroup.com.ar\\\/\",\"logo\":{\"@type\":\"ImageObject\",\"inLanguage\":\"es-AR\",\"@id\":\"https:\\\/\\\/actiongroup.com.ar\\\/#\\\/schema\\\/logo\\\/image\\\/\",\"url\":\"https:\\\/\\\/i1.wp.com\\\/www.actiongroup.com.ar\\\/wp-content\\\/uploads\\\/2016\\\/10\\\/logo.png?fit=342%2C69\",\"contentUrl\":\"https:\\\/\\\/i1.wp.com\\\/www.actiongroup.com.ar\\\/wp-content\\\/uploads\\\/2016\\\/10\\\/logo.png?fit=342%2C69\",\"width\":342,\"height\":69,\"caption\":\"Action Group, Education & Consulting\"},\"image\":{\"@id\":\"https:\\\/\\\/actiongroup.com.ar\\\/#\\\/schema\\\/logo\\\/image\\\/\"},\"sameAs\":[\"https:\\\/\\\/web.facebook.com\\\/ActionGroup\\\/?ref=ts&amp;amp;amp;fref=ts\",\"https:\\\/\\\/x.com\\\/actiongroup_ar\",\"https:\\\/\\\/ar.linkedin.com\\\/in\\\/ra\u00fal-a-perez-verzini-b5213b1\\\/es\"]},{\"@type\":\"Person\",\"@id\":\"https:\\\/\\\/actiongroup.com.ar\\\/#\\\/schema\\\/person\\\/f90ca7f4041396d195d0212a037f62ae\",\"name\":\"Lic. Viviana P. Liptzis\",\"image\":{\"@type\":\"ImageObject\",\"inLanguage\":\"es-AR\",\"@id\":\"https:\\\/\\\/secure.gravatar.com\\\/avatar\\\/46c90ed25131d6e30aaa27d9fceb53871cf06621aa63b306042da9300bbb2fe9?s=96&d=mm&r=g\",\"url\":\"https:\\\/\\\/secure.gravatar.com\\\/avatar\\\/46c90ed25131d6e30aaa27d9fceb53871cf06621aa63b306042da9300bbb2fe9?s=96&d=mm&r=g\",\"contentUrl\":\"https:\\\/\\\/secure.gravatar.com\\\/avatar\\\/46c90ed25131d6e30aaa27d9fceb53871cf06621aa63b306042da9300bbb2fe9?s=96&d=mm&r=g\",\"caption\":\"Lic. Viviana P. Liptzis\"},\"description\":\"Magister en Desarrollo y Comportamiento Organizacional por la Universidad Diego Portales de Santiago de Chile. Graduada en Psicolog\u00eda por la Universidad Nacional de C\u00f3rdoba. Estudi\u00f3 en Brasil y Chile. Su especialidad es la Psicolog\u00eda Organizacional. Director Consultor de Action Group, Education &amp; Consulting,\",\"sameAs\":[\"http:\\\/\\\/www.sermujerhoy.com\",\"http:\\\/\\\/ar.linkedin.com\\\/pub\\\/viviana-liptzis\\\/\"],\"url\":\"https:\\\/\\\/actiongroup.com.ar\\\/es\\\/author\\\/viviana\\\/\"}]}<\/script>\n<!-- \/ Yoast SEO plugin. -->","yoast_head_json":{"title":"El TPM en las \u00c1reas Administrativas - Action Group, Education &amp; Consulting","description":"Para que las empresas puedan alcanzar el objetivo global de reducir continuamente sus costos mejorando al mismo tiempo la calidad de los productos y","robots":{"index":"index","follow":"follow","max-snippet":"max-snippet:-1","max-image-preview":"max-image-preview:large","max-video-preview":"max-video-preview:-1"},"canonical":"https:\/\/actiongroup.com.ar\/es\/el-tpm-en-las-areas-administrativas\/","og_locale":"es_ES","og_type":"article","og_title":"El TPM en las \u00c1reas Administrativas - Action Group, Education &amp; Consulting","og_description":"Para que las empresas puedan alcanzar el objetivo global de reducir continuamente sus costos mejorando al mismo tiempo la calidad de los productos y","og_url":"https:\/\/actiongroup.com.ar\/es\/el-tpm-en-las-areas-administrativas\/","og_site_name":"Action Group, Education &amp; Consulting","article_publisher":"https:\/\/web.facebook.com\/ActionGroup\/?ref=ts&amp%3bamp%3bamp%3bfref=ts","article_published_time":"2007-08-13T14:06:37+00:00","article_modified_time":"2016-10-01T23:06:26+00:00","og_image":[{"width":160,"height":138,"url":"https:\/\/actiongroup.com.ar\/wp-content\/uploads\/2011\/02\/nota2_grande1.jpg","type":"image\/jpeg"}],"author":"Lic. Viviana P. Liptzis","twitter_card":"summary_large_image","twitter_creator":"@actiongroup_ar","twitter_site":"@actiongroup_ar","twitter_misc":{"Escrito por":"Lic. Viviana P. Liptzis","Tiempo de lectura":"4 minutos"},"schema":{"@context":"https:\/\/schema.org","@graph":[{"@type":"Article","@id":"https:\/\/actiongroup.com.ar\/el-tpm-en-las-areas-administrativas\/#article","isPartOf":{"@id":"https:\/\/actiongroup.com.ar\/el-tpm-en-las-areas-administrativas\/"},"author":{"name":"Lic. Viviana P. Liptzis","@id":"https:\/\/actiongroup.com.ar\/#\/schema\/person\/f90ca7f4041396d195d0212a037f62ae"},"headline":"El TPM en las \u00c1reas Administrativas","datePublished":"2007-08-13T14:06:37+00:00","dateModified":"2016-10-01T23:06:26+00:00","mainEntityOfPage":{"@id":"https:\/\/actiongroup.com.ar\/el-tpm-en-las-areas-administrativas\/"},"wordCount":834,"publisher":{"@id":"https:\/\/actiongroup.com.ar\/#organization"},"image":{"@id":"https:\/\/actiongroup.com.ar\/el-tpm-en-las-areas-administrativas\/#primaryimage"},"thumbnailUrl":"https:\/\/actiongroup.com.ar\/wp-content\/uploads\/2011\/02\/nota2_grande1.jpg","keywords":["Areas Administrativas","TPM"],"articleSection":["TPM \/ Mejora Continua"],"inLanguage":"es-AR"},{"@type":"WebPage","@id":"https:\/\/actiongroup.com.ar\/el-tpm-en-las-areas-administrativas\/","url":"https:\/\/actiongroup.com.ar\/el-tpm-en-las-areas-administrativas\/","name":"El TPM en las \u00c1reas Administrativas - Action Group, Education &amp; Consulting","isPartOf":{"@id":"https:\/\/actiongroup.com.ar\/#website"},"primaryImageOfPage":{"@id":"https:\/\/actiongroup.com.ar\/el-tpm-en-las-areas-administrativas\/#primaryimage"},"image":{"@id":"https:\/\/actiongroup.com.ar\/el-tpm-en-las-areas-administrativas\/#primaryimage"},"thumbnailUrl":"https:\/\/actiongroup.com.ar\/wp-content\/uploads\/2011\/02\/nota2_grande1.jpg","datePublished":"2007-08-13T14:06:37+00:00","dateModified":"2016-10-01T23:06:26+00:00","description":"Para que las empresas puedan alcanzar el objetivo global de reducir continuamente sus costos mejorando al mismo tiempo la calidad de los productos y","breadcrumb":{"@id":"https:\/\/actiongroup.com.ar\/el-tpm-en-las-areas-administrativas\/#breadcrumb"},"inLanguage":"es-AR","potentialAction":[{"@type":"ReadAction","target":["https:\/\/actiongroup.com.ar\/el-tpm-en-las-areas-administrativas\/"]}]},{"@type":"ImageObject","inLanguage":"es-AR","@id":"https:\/\/actiongroup.com.ar\/el-tpm-en-las-areas-administrativas\/#primaryimage","url":"https:\/\/actiongroup.com.ar\/wp-content\/uploads\/2011\/02\/nota2_grande1.jpg","contentUrl":"https:\/\/actiongroup.com.ar\/wp-content\/uploads\/2011\/02\/nota2_grande1.jpg","width":160,"height":138},{"@type":"BreadcrumbList","@id":"https:\/\/actiongroup.com.ar\/el-tpm-en-las-areas-administrativas\/#breadcrumb","itemListElement":[{"@type":"ListItem","position":1,"name":"Home","item":"https:\/\/actiongroup.com.ar\/"},{"@type":"ListItem","position":2,"name":"El TPM en las \u00c1reas Administrativas"}]},{"@type":"WebSite","@id":"https:\/\/actiongroup.com.ar\/#website","url":"https:\/\/actiongroup.com.ar\/","name":"Action Group, Education &amp; Consulting","description":"Desarrollo Organizacional, Excelencia Operacional, RRHH y Selecci\u00f3n","publisher":{"@id":"https:\/\/actiongroup.com.ar\/#organization"},"potentialAction":[{"@type":"SearchAction","target":{"@type":"EntryPoint","urlTemplate":"https:\/\/actiongroup.com.ar\/?s={search_term_string}"},"query-input":{"@type":"PropertyValueSpecification","valueRequired":true,"valueName":"search_term_string"}}],"inLanguage":"es-AR"},{"@type":"Organization","@id":"https:\/\/actiongroup.com.ar\/#organization","name":"Action Group, Education & Consulting","url":"https:\/\/actiongroup.com.ar\/","logo":{"@type":"ImageObject","inLanguage":"es-AR","@id":"https:\/\/actiongroup.com.ar\/#\/schema\/logo\/image\/","url":"https:\/\/i1.wp.com\/www.actiongroup.com.ar\/wp-content\/uploads\/2016\/10\/logo.png?fit=342%2C69","contentUrl":"https:\/\/i1.wp.com\/www.actiongroup.com.ar\/wp-content\/uploads\/2016\/10\/logo.png?fit=342%2C69","width":342,"height":69,"caption":"Action Group, Education & Consulting"},"image":{"@id":"https:\/\/actiongroup.com.ar\/#\/schema\/logo\/image\/"},"sameAs":["https:\/\/web.facebook.com\/ActionGroup\/?ref=ts&amp;amp;amp;fref=ts","https:\/\/x.com\/actiongroup_ar","https:\/\/ar.linkedin.com\/in\/ra\u00fal-a-perez-verzini-b5213b1\/es"]},{"@type":"Person","@id":"https:\/\/actiongroup.com.ar\/#\/schema\/person\/f90ca7f4041396d195d0212a037f62ae","name":"Lic. Viviana P. Liptzis","image":{"@type":"ImageObject","inLanguage":"es-AR","@id":"https:\/\/secure.gravatar.com\/avatar\/46c90ed25131d6e30aaa27d9fceb53871cf06621aa63b306042da9300bbb2fe9?s=96&d=mm&r=g","url":"https:\/\/secure.gravatar.com\/avatar\/46c90ed25131d6e30aaa27d9fceb53871cf06621aa63b306042da9300bbb2fe9?s=96&d=mm&r=g","contentUrl":"https:\/\/secure.gravatar.com\/avatar\/46c90ed25131d6e30aaa27d9fceb53871cf06621aa63b306042da9300bbb2fe9?s=96&d=mm&r=g","caption":"Lic. Viviana P. Liptzis"},"description":"Magister en Desarrollo y Comportamiento Organizacional por la Universidad Diego Portales de Santiago de Chile. Graduada en Psicolog\u00eda por la Universidad Nacional de C\u00f3rdoba. Estudi\u00f3 en Brasil y Chile. Su especialidad es la Psicolog\u00eda Organizacional. Director Consultor de Action Group, Education &amp; Consulting,","sameAs":["http:\/\/www.sermujerhoy.com","http:\/\/ar.linkedin.com\/pub\/viviana-liptzis\/"],"url":"https:\/\/actiongroup.com.ar\/es\/author\/viviana\/"}]}},"publishpress_future_action":{"enabled":false,"date":"2026-05-08 08:37:57","action":"change-status","newStatus":"draft","terms":[],"taxonomy":"category","extraData":[]},"publishpress_future_workflow_manual_trigger":{"enabledWorkflows":[]},"_links":{"self":[{"href":"https:\/\/actiongroup.com.ar\/es\/wp-json\/wp\/v2\/posts\/737","targetHints":{"allow":["GET"]}}],"collection":[{"href":"https:\/\/actiongroup.com.ar\/es\/wp-json\/wp\/v2\/posts"}],"about":[{"href":"https:\/\/actiongroup.com.ar\/es\/wp-json\/wp\/v2\/types\/post"}],"author":[{"embeddable":true,"href":"https:\/\/actiongroup.com.ar\/es\/wp-json\/wp\/v2\/users\/3"}],"replies":[{"embeddable":true,"href":"https:\/\/actiongroup.com.ar\/es\/wp-json\/wp\/v2\/comments?post=737"}],"version-history":[{"count":1,"href":"https:\/\/actiongroup.com.ar\/es\/wp-json\/wp\/v2\/posts\/737\/revisions"}],"predecessor-version":[{"id":3011,"href":"https:\/\/actiongroup.com.ar\/es\/wp-json\/wp\/v2\/posts\/737\/revisions\/3011"}],"wp:featuredmedia":[{"embeddable":true,"href":"https:\/\/actiongroup.com.ar\/es\/wp-json\/wp\/v2\/media\/738"}],"wp:attachment":[{"href":"https:\/\/actiongroup.com.ar\/es\/wp-json\/wp\/v2\/media?parent=737"}],"wp:term":[{"taxonomy":"category","embeddable":true,"href":"https:\/\/actiongroup.com.ar\/es\/wp-json\/wp\/v2\/categories?post=737"},{"taxonomy":"post_tag","embeddable":true,"href":"https:\/\/actiongroup.com.ar\/es\/wp-json\/wp\/v2\/tags?post=737"}],"curies":[{"name":"wp","href":"https:\/\/api.w.org\/{rel}","templated":true}]}}