{"id":845,"date":"2008-04-15T08:45:08","date_gmt":"2008-04-15T11:45:08","guid":{"rendered":"http:\/\/actiongroup.com.ar\/?p=845"},"modified":"2016-10-01T20:01:01","modified_gmt":"2016-10-01T23:01:01","slug":"responsabilidad-social-empesaria-un-fenomeno-que-llego-para-quedarse","status":"publish","type":"post","link":"https:\/\/actiongroup.com.ar\/es\/responsabilidad-social-empesaria-un-fenomeno-que-llego-para-quedarse\/","title":{"rendered":"RSE: un fen\u00f3meno que lleg\u00f3 para quedarse"},"content":{"rendered":"<p><img loading=\"lazy\" decoding=\"async\" width=\"160\" height=\"210\" class=\"alignleft size-full wp-image-846\" title=\"nota2_grande\" src=\"http:\/\/actiongroup.com.ar\/wp-content\/uploads\/2011\/02\/nota2_grande3.jpg\" alt=\"\" \/>La Responsabilidad Social Empresaria (frecuentemente conocida por su sigla RSE) es uno de los temas en boga en materia de comunicaci\u00f3n y un fen\u00f3meno que est\u00e1 ocupando un lugar creciente en las organizaciones actuales\u2026 \u00bflleg\u00f3 para quedarse?<\/p>\n<p>Aunque el \u201cD\u00eda Internacional de la Tierra \u201d se celebra el pr\u00f3ximo 22 de Abril, una conocida cadena norteamericana de hipermercados lanz\u00f3 una campa\u00f1a medi\u00e1tica a nivel mundial de un mes de duraci\u00f3n para promocionar sus acciones a favor de la ecolog\u00eda e incentivar la compra de productos sustentables y otros h\u00e1bitos \u201csaludables para el ambiente\u201d entre sus consumidores. Sin embargo, no cometamos el error de creer que \u00e9sta es una realidad exclusiva de las grandes corporaciones: cada vez m\u00e1s PyMEs de nuestro pa\u00eds desarrollan e implementan programas de RSE, conscientes del rol social que desempe\u00f1an y de los beneficios que estos programas reportan a la empresa. Pero, antes de continuar, aclaremos algunos puntos:<\/p>\n<p>\u00bfQu\u00e9 es la Responsabilidad Social Empresaria?<\/p>\n<p>Para la Organizaci\u00f3n Internacional del Trabajo (OIT) la Responsabilidad Social de la Empresa es el <em>conjunto de acciones voluntarias que toman en consideraci\u00f3n las compa\u00f1\u00edas para que sus actividades tengan repercusiones positivas sobre la sociedad y que afirman los principios y valores por los que se rigen, tanto en sus propios m\u00e9todos y procesos internos como en su relaci\u00f3n con los dem\u00e1s actores <\/em>. Su car\u00e1cter voluntario las diferencia de aquellas acciones que la empresa debe realizar, por ejemplo, por imposici\u00f3n legal (cumplir con la normativa vigente en t\u00e9rminos de seguridad ambiental o contrataci\u00f3n laboral no constituye una acci\u00f3n de RSE, sino una obligaci\u00f3n).<\/p>\n<p>La Responsabilidad Social Empresarial es un enfoque de negocios (una manera de conceptualizar su rol dentro de una determinada sociedad) y por lo tanto es un conjunto de pol\u00edticas, pr\u00e1cticas y programas que est\u00e1n integradas en todo el proceso de operaciones de los negocios y en su toma de decisiones. La RSC se funda en una \u00e9tica empresarial, pero va m\u00e1s all\u00e1 de la mera formulaci\u00f3n de valores y postulados \u00e9ticos: es la puesta en pr\u00e1ctica de una \u00e9tica empresarial, asociada a fines comerciales estrat\u00e9gicos.<\/p>\n<p>\u00bfA qu\u00e9 se debe su \u201c\u00e9xito\u201d actual?<\/p>\n<p>Las empresas se han dado cuenta que estas pr\u00e1cticas crean una imagen positiva de la compa\u00f1\u00eda e incrementan su productividad.<\/p>\n<p>\u00bfC\u00f3mo?<\/p>\n<p>A nivel interno, podemos explicar sus consecuencias con la siguiente hip\u00f3tesis: \u201c <em>trabajo en una empresa que se preocupa por mi bienestar y el de la sociedad en la que vivo con mi familia. Noto que su inter\u00e9s es sincero (va m\u00e1s all\u00e1 de lo que dictan sus obligaciones). Esto me hace sentir bien porque se me considera como una persona integral (no s\u00f3lo en mi aspecto \u201cproductivo\u201d) y me motiva a trabajar porque adem\u00e1s siento que compartimos un objetivo com\u00fan y trascendental (y se ve aumentado si puedo participar y colaborar de manera directa)\u201d. <\/em><\/p>\n<p>Externamente mejora la percepci\u00f3n de la empresa (nos ayuda a construir una buena reputaci\u00f3n: capital fundamental para la prevenci\u00f3n de crisis) y, en algunos casos, es una herramienta eficaz para incrementar la fidelizaci\u00f3n de los clientes. Puede incluso servir como medio para acceder a determinados mercados.<\/p>\n<p>Ahora bien, estos son s\u00f3lo efectos secundarios\u2026El beneficio central de la RSE es su potencial impacto positivo en lo social, econ\u00f3mico y ambiental. Es claro en este sentido que empresa y sociedad son interdependientes: si ayudamos a mejorar nuestro entorno, somos los principales beneficiados\u2026 \u00bfo acaso nuestras organizaciones son sistemas cerrados? \u00bfNo somos nosotros quienes nos beneficiamos de una sociedad m\u00e1s sana, con mejor educaci\u00f3n, con valores m\u00e1s arraigados, con mejores h\u00e1bitos, m\u00e1s segura, econ\u00f3micamente m\u00e1s estable? Si tomamos real consciencia de esto, entonces s\u00ed: la RSE lleg\u00f3 para quedarse!<\/p>\n<p>Aguardo sus opiniones\u2026<\/p>\n","protected":false},"excerpt":{"rendered":"<p>La Responsabilidad Social Empresaria (frecuentemente conocida por su sigla RSE)&#8230; <\/p>\n","protected":false},"author":4,"featured_media":846,"comment_status":"closed","ping_status":"open","sticky":false,"template":"","format":"standard","meta":{"_acf_changed":false,"_crdt_document":"","footnotes":""},"categories":[218],"tags":[],"class_list":["post-845","post","type-post","status-publish","format-standard","has-post-thumbnail","hentry","category-diagnostico-organizacional-y-plan-de-accion"],"acf":[],"yoast_head":"<!-- This site is optimized with the Yoast SEO plugin v27.5 - https:\/\/yoast.com\/product\/yoast-seo-wordpress\/ -->\n<title>RSE: un fen\u00f3meno que lleg\u00f3 para quedarse - Action Group, Education &amp; Consulting<\/title>\n<meta name=\"description\" content=\"La Responsabilidad Social Empresaria (frecuentemente conocida por su sigla RSE) es uno de los temas en boga en materia de comunicaci\u00f3n y un fen\u00f3meno que\" \/>\n<meta name=\"robots\" content=\"index, follow, max-snippet:-1, max-image-preview:large, max-video-preview:-1\" \/>\n<link rel=\"canonical\" href=\"https:\/\/actiongroup.com.ar\/es\/responsabilidad-social-empesaria-un-fenomeno-que-llego-para-quedarse\/\" \/>\n<meta property=\"og:locale\" content=\"es_ES\" \/>\n<meta property=\"og:type\" content=\"article\" \/>\n<meta property=\"og:title\" content=\"RSE: un fen\u00f3meno que lleg\u00f3 para quedarse - Action Group, Education &amp; Consulting\" \/>\n<meta property=\"og:description\" content=\"La Responsabilidad Social Empresaria (frecuentemente conocida por su sigla RSE) es uno de los temas en boga en materia de comunicaci\u00f3n y un fen\u00f3meno que\" \/>\n<meta property=\"og:url\" content=\"https:\/\/actiongroup.com.ar\/es\/responsabilidad-social-empesaria-un-fenomeno-que-llego-para-quedarse\/\" \/>\n<meta property=\"og:site_name\" content=\"Action Group, Education &amp; Consulting\" \/>\n<meta property=\"article:publisher\" content=\"https:\/\/web.facebook.com\/ActionGroup\/?ref=ts&amp;amp%3bamp%3bamp%3bfref=ts\" \/>\n<meta property=\"article:published_time\" content=\"2008-04-15T11:45:08+00:00\" \/>\n<meta property=\"article:modified_time\" content=\"2016-10-01T23:01:01+00:00\" \/>\n<meta property=\"og:image\" content=\"https:\/\/actiongroup.com.ar\/wp-content\/uploads\/2011\/02\/nota2_grande3.jpg\" \/>\n\t<meta property=\"og:image:width\" content=\"160\" \/>\n\t<meta property=\"og:image:height\" content=\"210\" \/>\n\t<meta property=\"og:image:type\" content=\"image\/jpeg\" \/>\n<meta name=\"author\" content=\"Ing. Ra\u00fal A. Perez Verzini\" \/>\n<meta name=\"twitter:card\" content=\"summary_large_image\" \/>\n<meta name=\"twitter:creator\" content=\"@actiongroup_ar\" \/>\n<meta name=\"twitter:site\" content=\"@actiongroup_ar\" \/>\n<meta name=\"twitter:label1\" content=\"Escrito por\" \/>\n\t<meta name=\"twitter:data1\" content=\"Ing. Ra\u00fal A. Perez Verzini\" \/>\n\t<meta name=\"twitter:label2\" content=\"Tiempo de lectura\" \/>\n\t<meta name=\"twitter:data2\" content=\"3 minutos\" \/>\n<script type=\"application\/ld+json\" class=\"yoast-schema-graph\">{\"@context\":\"https:\\\/\\\/schema.org\",\"@graph\":[{\"@type\":\"Article\",\"@id\":\"https:\\\/\\\/actiongroup.com.ar\\\/responsabilidad-social-empesaria-un-fenomeno-que-llego-para-quedarse\\\/#article\",\"isPartOf\":{\"@id\":\"https:\\\/\\\/actiongroup.com.ar\\\/responsabilidad-social-empesaria-un-fenomeno-que-llego-para-quedarse\\\/\"},\"author\":{\"name\":\"Ing. Ra\u00fal A. Perez Verzini\",\"@id\":\"https:\\\/\\\/actiongroup.com.ar\\\/#\\\/schema\\\/person\\\/137c7a455c4ee5c9817231909390d028\"},\"headline\":\"RSE: un fen\u00f3meno que lleg\u00f3 para quedarse\",\"datePublished\":\"2008-04-15T11:45:08+00:00\",\"dateModified\":\"2016-10-01T23:01:01+00:00\",\"mainEntityOfPage\":{\"@id\":\"https:\\\/\\\/actiongroup.com.ar\\\/responsabilidad-social-empesaria-un-fenomeno-que-llego-para-quedarse\\\/\"},\"wordCount\":666,\"publisher\":{\"@id\":\"https:\\\/\\\/actiongroup.com.ar\\\/#organization\"},\"image\":{\"@id\":\"https:\\\/\\\/actiongroup.com.ar\\\/responsabilidad-social-empesaria-un-fenomeno-que-llego-para-quedarse\\\/#primaryimage\"},\"thumbnailUrl\":\"https:\\\/\\\/actiongroup.com.ar\\\/wp-content\\\/uploads\\\/2011\\\/02\\\/nota2_grande3.jpg\",\"articleSection\":[\"Diagn\u00f3stico Organizacional y Plan de Acci\u00f3n\"],\"inLanguage\":\"es-AR\"},{\"@type\":\"WebPage\",\"@id\":\"https:\\\/\\\/actiongroup.com.ar\\\/responsabilidad-social-empesaria-un-fenomeno-que-llego-para-quedarse\\\/\",\"url\":\"https:\\\/\\\/actiongroup.com.ar\\\/responsabilidad-social-empesaria-un-fenomeno-que-llego-para-quedarse\\\/\",\"name\":\"RSE: un fen\u00f3meno que lleg\u00f3 para quedarse - Action Group, Education &amp; Consulting\",\"isPartOf\":{\"@id\":\"https:\\\/\\\/actiongroup.com.ar\\\/#website\"},\"primaryImageOfPage\":{\"@id\":\"https:\\\/\\\/actiongroup.com.ar\\\/responsabilidad-social-empesaria-un-fenomeno-que-llego-para-quedarse\\\/#primaryimage\"},\"image\":{\"@id\":\"https:\\\/\\\/actiongroup.com.ar\\\/responsabilidad-social-empesaria-un-fenomeno-que-llego-para-quedarse\\\/#primaryimage\"},\"thumbnailUrl\":\"https:\\\/\\\/actiongroup.com.ar\\\/wp-content\\\/uploads\\\/2011\\\/02\\\/nota2_grande3.jpg\",\"datePublished\":\"2008-04-15T11:45:08+00:00\",\"dateModified\":\"2016-10-01T23:01:01+00:00\",\"description\":\"La Responsabilidad Social Empresaria (frecuentemente conocida por su sigla RSE) es uno de los temas en boga en materia de comunicaci\u00f3n y un fen\u00f3meno que\",\"breadcrumb\":{\"@id\":\"https:\\\/\\\/actiongroup.com.ar\\\/responsabilidad-social-empesaria-un-fenomeno-que-llego-para-quedarse\\\/#breadcrumb\"},\"inLanguage\":\"es-AR\",\"potentialAction\":[{\"@type\":\"ReadAction\",\"target\":[\"https:\\\/\\\/actiongroup.com.ar\\\/responsabilidad-social-empesaria-un-fenomeno-que-llego-para-quedarse\\\/\"]}]},{\"@type\":\"ImageObject\",\"inLanguage\":\"es-AR\",\"@id\":\"https:\\\/\\\/actiongroup.com.ar\\\/responsabilidad-social-empesaria-un-fenomeno-que-llego-para-quedarse\\\/#primaryimage\",\"url\":\"https:\\\/\\\/actiongroup.com.ar\\\/wp-content\\\/uploads\\\/2011\\\/02\\\/nota2_grande3.jpg\",\"contentUrl\":\"https:\\\/\\\/actiongroup.com.ar\\\/wp-content\\\/uploads\\\/2011\\\/02\\\/nota2_grande3.jpg\",\"width\":160,\"height\":210},{\"@type\":\"BreadcrumbList\",\"@id\":\"https:\\\/\\\/actiongroup.com.ar\\\/responsabilidad-social-empesaria-un-fenomeno-que-llego-para-quedarse\\\/#breadcrumb\",\"itemListElement\":[{\"@type\":\"ListItem\",\"position\":1,\"name\":\"Home\",\"item\":\"https:\\\/\\\/actiongroup.com.ar\\\/\"},{\"@type\":\"ListItem\",\"position\":2,\"name\":\"RSE: un fen\u00f3meno que lleg\u00f3 para quedarse\"}]},{\"@type\":\"WebSite\",\"@id\":\"https:\\\/\\\/actiongroup.com.ar\\\/#website\",\"url\":\"https:\\\/\\\/actiongroup.com.ar\\\/\",\"name\":\"Action Group, Education &amp; Consulting\",\"description\":\"Desarrollo Organizacional, Excelencia Operacional, RRHH y Selecci\u00f3n\",\"publisher\":{\"@id\":\"https:\\\/\\\/actiongroup.com.ar\\\/#organization\"},\"potentialAction\":[{\"@type\":\"SearchAction\",\"target\":{\"@type\":\"EntryPoint\",\"urlTemplate\":\"https:\\\/\\\/actiongroup.com.ar\\\/?s={search_term_string}\"},\"query-input\":{\"@type\":\"PropertyValueSpecification\",\"valueRequired\":true,\"valueName\":\"search_term_string\"}}],\"inLanguage\":\"es-AR\"},{\"@type\":\"Organization\",\"@id\":\"https:\\\/\\\/actiongroup.com.ar\\\/#organization\",\"name\":\"Action Group, Education & Consulting\",\"url\":\"https:\\\/\\\/actiongroup.com.ar\\\/\",\"logo\":{\"@type\":\"ImageObject\",\"inLanguage\":\"es-AR\",\"@id\":\"https:\\\/\\\/actiongroup.com.ar\\\/#\\\/schema\\\/logo\\\/image\\\/\",\"url\":\"https:\\\/\\\/i1.wp.com\\\/www.actiongroup.com.ar\\\/wp-content\\\/uploads\\\/2016\\\/10\\\/logo.png?fit=342%2C69\",\"contentUrl\":\"https:\\\/\\\/i1.wp.com\\\/www.actiongroup.com.ar\\\/wp-content\\\/uploads\\\/2016\\\/10\\\/logo.png?fit=342%2C69\",\"width\":342,\"height\":69,\"caption\":\"Action Group, Education & Consulting\"},\"image\":{\"@id\":\"https:\\\/\\\/actiongroup.com.ar\\\/#\\\/schema\\\/logo\\\/image\\\/\"},\"sameAs\":[\"https:\\\/\\\/web.facebook.com\\\/ActionGroup\\\/?ref=ts&amp;amp;amp;fref=ts\",\"https:\\\/\\\/x.com\\\/actiongroup_ar\",\"https:\\\/\\\/ar.linkedin.com\\\/in\\\/ra\u00fal-a-perez-verzini-b5213b1\\\/es\"]},{\"@type\":\"Person\",\"@id\":\"https:\\\/\\\/actiongroup.com.ar\\\/#\\\/schema\\\/person\\\/137c7a455c4ee5c9817231909390d028\",\"name\":\"Ing. Ra\u00fal A. Perez Verzini\",\"image\":{\"@type\":\"ImageObject\",\"inLanguage\":\"es-AR\",\"@id\":\"https:\\\/\\\/secure.gravatar.com\\\/avatar\\\/71f3a07960c5db379bbf9fafe56ae4624863c3fb8ec5f0c2182629c6d51eafd0?s=96&d=mm&r=g\",\"url\":\"https:\\\/\\\/secure.gravatar.com\\\/avatar\\\/71f3a07960c5db379bbf9fafe56ae4624863c3fb8ec5f0c2182629c6d51eafd0?s=96&d=mm&r=g\",\"contentUrl\":\"https:\\\/\\\/secure.gravatar.com\\\/avatar\\\/71f3a07960c5db379bbf9fafe56ae4624863c3fb8ec5f0c2182629c6d51eafd0?s=96&d=mm&r=g\",\"caption\":\"Ing. Ra\u00fal A. Perez Verzini\"},\"description\":\"Estudi\u00f3 en Chile, Colombia, Brasil, USA, Canad\u00e1 y Jap\u00f3n los procesos de involucraci\u00f3n de las personas y su impacto en los aumentos de productividad, calidad y rentabilidad. Graduado en Ingenier\u00eda Civil por la Universidad Cat\u00f3lica de C\u00f3rdoba. Director y Consultor de Action Group, Education &amp; Consulting.\",\"sameAs\":[\"http:\\\/\\\/www.linkedin.com\\\/in\\\/raulperezverzini\"],\"url\":\"https:\\\/\\\/actiongroup.com.ar\\\/es\\\/author\\\/raul\\\/\"}]}<\/script>\n<!-- \/ Yoast SEO plugin. -->","yoast_head_json":{"title":"RSE: un fen\u00f3meno que lleg\u00f3 para quedarse - Action Group, Education &amp; Consulting","description":"La Responsabilidad Social Empresaria (frecuentemente conocida por su sigla RSE) es uno de los temas en boga en materia de comunicaci\u00f3n y un fen\u00f3meno que","robots":{"index":"index","follow":"follow","max-snippet":"max-snippet:-1","max-image-preview":"max-image-preview:large","max-video-preview":"max-video-preview:-1"},"canonical":"https:\/\/actiongroup.com.ar\/es\/responsabilidad-social-empesaria-un-fenomeno-que-llego-para-quedarse\/","og_locale":"es_ES","og_type":"article","og_title":"RSE: un fen\u00f3meno que lleg\u00f3 para quedarse - Action Group, Education &amp; Consulting","og_description":"La Responsabilidad Social Empresaria (frecuentemente conocida por su sigla RSE) es uno de los temas en boga en materia de comunicaci\u00f3n y un fen\u00f3meno que","og_url":"https:\/\/actiongroup.com.ar\/es\/responsabilidad-social-empesaria-un-fenomeno-que-llego-para-quedarse\/","og_site_name":"Action Group, Education &amp; Consulting","article_publisher":"https:\/\/web.facebook.com\/ActionGroup\/?ref=ts&amp%3bamp%3bamp%3bfref=ts","article_published_time":"2008-04-15T11:45:08+00:00","article_modified_time":"2016-10-01T23:01:01+00:00","og_image":[{"width":160,"height":210,"url":"https:\/\/actiongroup.com.ar\/wp-content\/uploads\/2011\/02\/nota2_grande3.jpg","type":"image\/jpeg"}],"author":"Ing. Ra\u00fal A. Perez Verzini","twitter_card":"summary_large_image","twitter_creator":"@actiongroup_ar","twitter_site":"@actiongroup_ar","twitter_misc":{"Escrito por":"Ing. Ra\u00fal A. Perez Verzini","Tiempo de lectura":"3 minutos"},"schema":{"@context":"https:\/\/schema.org","@graph":[{"@type":"Article","@id":"https:\/\/actiongroup.com.ar\/responsabilidad-social-empesaria-un-fenomeno-que-llego-para-quedarse\/#article","isPartOf":{"@id":"https:\/\/actiongroup.com.ar\/responsabilidad-social-empesaria-un-fenomeno-que-llego-para-quedarse\/"},"author":{"name":"Ing. Ra\u00fal A. Perez Verzini","@id":"https:\/\/actiongroup.com.ar\/#\/schema\/person\/137c7a455c4ee5c9817231909390d028"},"headline":"RSE: un fen\u00f3meno que lleg\u00f3 para quedarse","datePublished":"2008-04-15T11:45:08+00:00","dateModified":"2016-10-01T23:01:01+00:00","mainEntityOfPage":{"@id":"https:\/\/actiongroup.com.ar\/responsabilidad-social-empesaria-un-fenomeno-que-llego-para-quedarse\/"},"wordCount":666,"publisher":{"@id":"https:\/\/actiongroup.com.ar\/#organization"},"image":{"@id":"https:\/\/actiongroup.com.ar\/responsabilidad-social-empesaria-un-fenomeno-que-llego-para-quedarse\/#primaryimage"},"thumbnailUrl":"https:\/\/actiongroup.com.ar\/wp-content\/uploads\/2011\/02\/nota2_grande3.jpg","articleSection":["Diagn\u00f3stico Organizacional y Plan de Acci\u00f3n"],"inLanguage":"es-AR"},{"@type":"WebPage","@id":"https:\/\/actiongroup.com.ar\/responsabilidad-social-empesaria-un-fenomeno-que-llego-para-quedarse\/","url":"https:\/\/actiongroup.com.ar\/responsabilidad-social-empesaria-un-fenomeno-que-llego-para-quedarse\/","name":"RSE: un fen\u00f3meno que lleg\u00f3 para quedarse - Action Group, Education &amp; Consulting","isPartOf":{"@id":"https:\/\/actiongroup.com.ar\/#website"},"primaryImageOfPage":{"@id":"https:\/\/actiongroup.com.ar\/responsabilidad-social-empesaria-un-fenomeno-que-llego-para-quedarse\/#primaryimage"},"image":{"@id":"https:\/\/actiongroup.com.ar\/responsabilidad-social-empesaria-un-fenomeno-que-llego-para-quedarse\/#primaryimage"},"thumbnailUrl":"https:\/\/actiongroup.com.ar\/wp-content\/uploads\/2011\/02\/nota2_grande3.jpg","datePublished":"2008-04-15T11:45:08+00:00","dateModified":"2016-10-01T23:01:01+00:00","description":"La Responsabilidad Social Empresaria (frecuentemente conocida por su sigla RSE) es uno de los temas en boga en materia de comunicaci\u00f3n y un fen\u00f3meno que","breadcrumb":{"@id":"https:\/\/actiongroup.com.ar\/responsabilidad-social-empesaria-un-fenomeno-que-llego-para-quedarse\/#breadcrumb"},"inLanguage":"es-AR","potentialAction":[{"@type":"ReadAction","target":["https:\/\/actiongroup.com.ar\/responsabilidad-social-empesaria-un-fenomeno-que-llego-para-quedarse\/"]}]},{"@type":"ImageObject","inLanguage":"es-AR","@id":"https:\/\/actiongroup.com.ar\/responsabilidad-social-empesaria-un-fenomeno-que-llego-para-quedarse\/#primaryimage","url":"https:\/\/actiongroup.com.ar\/wp-content\/uploads\/2011\/02\/nota2_grande3.jpg","contentUrl":"https:\/\/actiongroup.com.ar\/wp-content\/uploads\/2011\/02\/nota2_grande3.jpg","width":160,"height":210},{"@type":"BreadcrumbList","@id":"https:\/\/actiongroup.com.ar\/responsabilidad-social-empesaria-un-fenomeno-que-llego-para-quedarse\/#breadcrumb","itemListElement":[{"@type":"ListItem","position":1,"name":"Home","item":"https:\/\/actiongroup.com.ar\/"},{"@type":"ListItem","position":2,"name":"RSE: un fen\u00f3meno que lleg\u00f3 para quedarse"}]},{"@type":"WebSite","@id":"https:\/\/actiongroup.com.ar\/#website","url":"https:\/\/actiongroup.com.ar\/","name":"Action Group, Education &amp; Consulting","description":"Desarrollo Organizacional, Excelencia Operacional, RRHH y Selecci\u00f3n","publisher":{"@id":"https:\/\/actiongroup.com.ar\/#organization"},"potentialAction":[{"@type":"SearchAction","target":{"@type":"EntryPoint","urlTemplate":"https:\/\/actiongroup.com.ar\/?s={search_term_string}"},"query-input":{"@type":"PropertyValueSpecification","valueRequired":true,"valueName":"search_term_string"}}],"inLanguage":"es-AR"},{"@type":"Organization","@id":"https:\/\/actiongroup.com.ar\/#organization","name":"Action Group, Education & Consulting","url":"https:\/\/actiongroup.com.ar\/","logo":{"@type":"ImageObject","inLanguage":"es-AR","@id":"https:\/\/actiongroup.com.ar\/#\/schema\/logo\/image\/","url":"https:\/\/i1.wp.com\/www.actiongroup.com.ar\/wp-content\/uploads\/2016\/10\/logo.png?fit=342%2C69","contentUrl":"https:\/\/i1.wp.com\/www.actiongroup.com.ar\/wp-content\/uploads\/2016\/10\/logo.png?fit=342%2C69","width":342,"height":69,"caption":"Action Group, Education & Consulting"},"image":{"@id":"https:\/\/actiongroup.com.ar\/#\/schema\/logo\/image\/"},"sameAs":["https:\/\/web.facebook.com\/ActionGroup\/?ref=ts&amp;amp;amp;fref=ts","https:\/\/x.com\/actiongroup_ar","https:\/\/ar.linkedin.com\/in\/ra\u00fal-a-perez-verzini-b5213b1\/es"]},{"@type":"Person","@id":"https:\/\/actiongroup.com.ar\/#\/schema\/person\/137c7a455c4ee5c9817231909390d028","name":"Ing. Ra\u00fal A. Perez Verzini","image":{"@type":"ImageObject","inLanguage":"es-AR","@id":"https:\/\/secure.gravatar.com\/avatar\/71f3a07960c5db379bbf9fafe56ae4624863c3fb8ec5f0c2182629c6d51eafd0?s=96&d=mm&r=g","url":"https:\/\/secure.gravatar.com\/avatar\/71f3a07960c5db379bbf9fafe56ae4624863c3fb8ec5f0c2182629c6d51eafd0?s=96&d=mm&r=g","contentUrl":"https:\/\/secure.gravatar.com\/avatar\/71f3a07960c5db379bbf9fafe56ae4624863c3fb8ec5f0c2182629c6d51eafd0?s=96&d=mm&r=g","caption":"Ing. Ra\u00fal A. Perez Verzini"},"description":"Estudi\u00f3 en Chile, Colombia, Brasil, USA, Canad\u00e1 y Jap\u00f3n los procesos de involucraci\u00f3n de las personas y su impacto en los aumentos de productividad, calidad y rentabilidad. Graduado en Ingenier\u00eda Civil por la Universidad Cat\u00f3lica de C\u00f3rdoba. Director y Consultor de Action Group, Education &amp; Consulting.","sameAs":["http:\/\/www.linkedin.com\/in\/raulperezverzini"],"url":"https:\/\/actiongroup.com.ar\/es\/author\/raul\/"}]}},"publishpress_future_action":{"enabled":false,"date":"2026-05-08 15:19:11","action":"change-status","newStatus":"draft","terms":[],"taxonomy":"category","extraData":[]},"publishpress_future_workflow_manual_trigger":{"enabledWorkflows":[]},"_links":{"self":[{"href":"https:\/\/actiongroup.com.ar\/es\/wp-json\/wp\/v2\/posts\/845","targetHints":{"allow":["GET"]}}],"collection":[{"href":"https:\/\/actiongroup.com.ar\/es\/wp-json\/wp\/v2\/posts"}],"about":[{"href":"https:\/\/actiongroup.com.ar\/es\/wp-json\/wp\/v2\/types\/post"}],"author":[{"embeddable":true,"href":"https:\/\/actiongroup.com.ar\/es\/wp-json\/wp\/v2\/users\/4"}],"replies":[{"embeddable":true,"href":"https:\/\/actiongroup.com.ar\/es\/wp-json\/wp\/v2\/comments?post=845"}],"version-history":[{"count":1,"href":"https:\/\/actiongroup.com.ar\/es\/wp-json\/wp\/v2\/posts\/845\/revisions"}],"predecessor-version":[{"id":3002,"href":"https:\/\/actiongroup.com.ar\/es\/wp-json\/wp\/v2\/posts\/845\/revisions\/3002"}],"wp:featuredmedia":[{"embeddable":true,"href":"https:\/\/actiongroup.com.ar\/es\/wp-json\/wp\/v2\/media\/846"}],"wp:attachment":[{"href":"https:\/\/actiongroup.com.ar\/es\/wp-json\/wp\/v2\/media?parent=845"}],"wp:term":[{"taxonomy":"category","embeddable":true,"href":"https:\/\/actiongroup.com.ar\/es\/wp-json\/wp\/v2\/categories?post=845"},{"taxonomy":"post_tag","embeddable":true,"href":"https:\/\/actiongroup.com.ar\/es\/wp-json\/wp\/v2\/tags?post=845"}],"curies":[{"name":"wp","href":"https:\/\/api.w.org\/{rel}","templated":true}]}}