{"id":943,"date":"2009-11-15T10:33:11","date_gmt":"2009-11-15T13:33:11","guid":{"rendered":"http:\/\/actiongroup.com.ar\/?p=943"},"modified":"2016-10-01T19:08:21","modified_gmt":"2016-10-01T22:08:21","slug":"la-fabula-de-la-hormiga","status":"publish","type":"post","link":"https:\/\/actiongroup.com.ar\/es\/la-fabula-de-la-hormiga\/","title":{"rendered":"La f\u00e1bula de la hormiga"},"content":{"rendered":"<p><img loading=\"lazy\" decoding=\"async\" width=\"230\" height=\"275\" class=\"alignright size-full wp-image-944\" title=\"hotmiga_grande\" src=\"http:\/\/actiongroup.com.ar\/wp-content\/uploads\/2011\/02\/hotmiga_grande.jpg\" alt=\"\" \/>Cada d\u00eda, una peque\u00f1a hormiga llegaba al trabajo muy temprano, y sin p\u00e9rdida de tiempo comenzaba sus tareas. Era sumamente productiva y se la ve\u00eda muy feliz con la actividad.<\/p>\n<p>El gerente, un le\u00f3n, siempre se sorprend\u00eda al verla trabajar sin supervisi\u00f3n. Entonces pens\u00f3: \u201csi es capaz de producir as\u00ed sin alguien que controle, seguramente podr\u00e1 hacer mucho m\u00e1s si tiene un supervisor\u201d.<\/p>\n<p>Dicho esto, busc\u00f3 y reclut\u00f3 a la cucaracha quien ten\u00eda una experiencia sumamente extensa como jefa y era famosa por preparar y presentar excelentes reportes.<\/p>\n<p>Su primera decisi\u00f3n fue instalar un reloj en el ingreso para controlar los horarios de llegada y salida.<\/p>\n<p>Necesitaba adem\u00e1s una secretaria que lo ayudara a escribir sus informes. As\u00ed que decidi\u00f3 contratar a la ara\u00f1a para que adem\u00e1s manejara los archivos y monitoreara las llamadas telef\u00f3nicas.<\/p>\n<p>El le\u00f3n estaba encantado con los reportes que la cucaracha le enviaba y le pidi\u00f3 que produjera unos gr\u00e1ficos que mostraran los ratios de producci\u00f3n y un an\u00e1lisis de las tendencias de manera que pudiera utilizarlos para sus propias presentaciones ante el directorio.<\/p>\n<p>La cucaracha entonces debi\u00f3 comprar una nueva computadora, una impresora laser adem\u00e1s de contratar a la mosca para dirigir el \u00e1rea de sistemas.<\/p>\n<p>Mientras tanto, la hormiga que una vez hab\u00eda sido tan productiva y relajada, detestaba toda esta sobrecarga de papeles y reuniones interminables donde perd\u00eda la mayor parte de su tiempo. El le\u00f3n entonces lleg\u00f3 a la conclusi\u00f3n de que hab\u00eda llegado el momento de contratar alguien que se hiciera cargo del departamento donde la hormiga trabaja.<\/p>\n<p>Quien gan\u00f3 la posici\u00f3n fue la cigarra, cuya primera decisi\u00f3n consisti\u00f3 en cambiar la alfombra y conseguir una silla ergon\u00f3mica para su oficina. Necesitaba adem\u00e1s una computadora y una asistente personal que trajo desde su antiguo lugar de trabajo para que lo ayudara con la programaci\u00f3n y el Plan de Control Estrat\u00e9gico del Presupuesto.<\/p>\n<p>El lugar donde trabaja la hormiga ahora es triste, nadie se rie ya y todo el mundo camina preocupado\u2026<br \/>\nEsta fue raz\u00f3n suficiente para que la cigarra convenciera al le\u00f3n de la necesidad de realizar una encuesta de clima interno. Y dado que el le\u00f3n hab\u00eda revisado el departamento donde la hormiga trabajaba, era f\u00e1cil comprobar c\u00f3mo en este tiempo la productividad se hab\u00eda reducido notablemente.<br \/>\nSu decisi\u00f3n fue reclutar al b\u00faho para que realizara una auditor\u00eda y sugiriera las soluciones. Despu\u00e9s de 3 meses, present\u00f3 su reporte y una conclusi\u00f3n final: el departamento tiene exceso de personal.<br \/>\nAdivinen a qui\u00e9n pusieron en la mira primero?<\/p>\n<p>A la hormiga!!!<\/p>\n<p>Las causas?: mostrar una actitud negativa y falta de motivaci\u00f3n.<\/p>\n<p>Nota del traductor: los personajes en esta f\u00e1bula son ficticios. Cualquier parecido con personas o hechos dentro de las empresas es\u2026<\/p>\n<p><strong>Mera coincidencia??<\/strong><\/p>\n<p>La f\u00e1bula que comparto con ustedes me llev\u00f3 a pensar en situaciones que se viven a diario en las organizaciones:<\/p>\n<ul>\n<li>Metodolog\u00edas de evaluaci\u00f3n y gesti\u00f3n del desempe\u00f1o que empiezan siempre \u201cpor abajo\u201d.<\/li>\n<li>Informes de control de gesti\u00f3n donde los resultados son muy buenos en una columna y p\u00e9simos luego del famoso: \u201cgastos de administraci\u00f3n\u201d o \u201ccostos indirectos\u201d.<\/li>\n<li>La creencia de que las personas que operan no \u201ctienen cabeza\u201d y necesitan alg\u00fan bicho salvador que piensa por ellas.<\/li>\n<li>El temor a la implementaci\u00f3n de grupos aut\u00f3nomos de trabajo lo cual redunda en la centralizaci\u00f3n de las decisiones en el escritorio, fuera de \u201c<a href=\"http:\/\/actiongroup.com.ar\/mejora_continua.htm\" target=\"_blank\">gemba<\/a>\u201d: el lugar donde suceden las cosas.<\/li>\n<\/ul>\n<p>Y la enumeraci\u00f3n podr\u00eda continuar.<\/p>\n<p>Me gustar\u00eda invitarlos entonces a pensar en algunos conceptos que, tal vez, nos ayuden a desafiar los estereotipos:<\/p>\n<ul>\n<li>Las diferencias entre \u201cmano de obra\u201d y \u201ccerebro y coraz\u00f3n de obra\u201d.<\/li>\n<li>Las decisiones en \u201c<a href=\"mailto:http:\/\/actiongroup.com.ar\/mejora_continua.htm\" target=\"_blank\">gemba<\/a>\u201d versus las decisiones en la oficina.<\/li>\n<li>El exceso de control versus la formaci\u00f3n para la autonom\u00eda y el verdadero trabajo en equipo.<\/li>\n<\/ul>\n<p>No ser\u00e1 que lleg\u00f3 el momento de empezar a cuestionar otros paradigmas?<br \/>\nPorque, como dice un viejo proverbio dan\u00e9s: \u201cal que teme preguntar, le da verg\u00fcenza aprender\u201d<\/p>\n<p>Los escucho<\/p>\n","protected":false},"excerpt":{"rendered":"<p>Cada d\u00eda, una peque\u00f1a hormiga llegaba al trabajo muy temprano,&#8230; <\/p>\n","protected":false},"author":3,"featured_media":944,"comment_status":"open","ping_status":"open","sticky":false,"template":"","format":"standard","meta":{"_acf_changed":false,"_crdt_document":"","footnotes":""},"categories":[169],"tags":[],"class_list":["post-943","post","type-post","status-publish","format-standard","has-post-thumbnail","hentry","category-desarrollo-integral-del-area-de-recursos-humanos"],"acf":[],"yoast_head":"<!-- This site is optimized with the Yoast SEO plugin v27.5 - https:\/\/yoast.com\/product\/yoast-seo-wordpress\/ -->\n<title>La f\u00e1bula de la hormiga - Action Group, Education &amp; Consulting<\/title>\n<meta name=\"description\" content=\"Cada d\u00eda, una peque\u00f1a hormiga llegaba al trabajo muy temprano, y sin p\u00e9rdida de tiempo comenzaba sus tareas. Era sumamente productiva y se la ve\u00eda muy\" \/>\n<meta name=\"robots\" content=\"index, follow, max-snippet:-1, max-image-preview:large, max-video-preview:-1\" \/>\n<link rel=\"canonical\" href=\"https:\/\/actiongroup.com.ar\/es\/la-fabula-de-la-hormiga\/\" \/>\n<meta property=\"og:locale\" content=\"es_ES\" \/>\n<meta property=\"og:type\" content=\"article\" \/>\n<meta property=\"og:title\" content=\"La f\u00e1bula de la hormiga - Action Group, Education &amp; Consulting\" \/>\n<meta property=\"og:description\" content=\"Cada d\u00eda, una peque\u00f1a hormiga llegaba al trabajo muy temprano, y sin p\u00e9rdida de tiempo comenzaba sus tareas. Era sumamente productiva y se la ve\u00eda muy\" \/>\n<meta property=\"og:url\" content=\"https:\/\/actiongroup.com.ar\/es\/la-fabula-de-la-hormiga\/\" \/>\n<meta property=\"og:site_name\" content=\"Action Group, Education &amp; Consulting\" \/>\n<meta property=\"article:publisher\" content=\"https:\/\/web.facebook.com\/ActionGroup\/?ref=ts&amp;amp%3bamp%3bamp%3bfref=ts\" \/>\n<meta property=\"article:published_time\" content=\"2009-11-15T13:33:11+00:00\" \/>\n<meta property=\"article:modified_time\" content=\"2016-10-01T22:08:21+00:00\" \/>\n<meta property=\"og:image\" content=\"https:\/\/actiongroup.com.ar\/wp-content\/uploads\/2011\/02\/hotmiga_grande.jpg\" \/>\n\t<meta property=\"og:image:width\" content=\"230\" \/>\n\t<meta property=\"og:image:height\" content=\"275\" \/>\n\t<meta property=\"og:image:type\" content=\"image\/jpeg\" \/>\n<meta name=\"author\" content=\"Lic. Viviana P. Liptzis\" \/>\n<meta name=\"twitter:card\" content=\"summary_large_image\" \/>\n<meta name=\"twitter:creator\" content=\"@actiongroup_ar\" \/>\n<meta name=\"twitter:site\" content=\"@actiongroup_ar\" \/>\n<meta name=\"twitter:label1\" content=\"Escrito por\" \/>\n\t<meta name=\"twitter:data1\" content=\"Lic. Viviana P. Liptzis\" \/>\n\t<meta name=\"twitter:label2\" content=\"Tiempo de lectura\" \/>\n\t<meta name=\"twitter:data2\" content=\"4 minutos\" \/>\n<script type=\"application\/ld+json\" class=\"yoast-schema-graph\">{\"@context\":\"https:\\\/\\\/schema.org\",\"@graph\":[{\"@type\":\"Article\",\"@id\":\"https:\\\/\\\/actiongroup.com.ar\\\/la-fabula-de-la-hormiga\\\/#article\",\"isPartOf\":{\"@id\":\"https:\\\/\\\/actiongroup.com.ar\\\/la-fabula-de-la-hormiga\\\/\"},\"author\":{\"name\":\"Lic. Viviana P. Liptzis\",\"@id\":\"https:\\\/\\\/actiongroup.com.ar\\\/#\\\/schema\\\/person\\\/f90ca7f4041396d195d0212a037f62ae\"},\"headline\":\"La f\u00e1bula de la hormiga\",\"datePublished\":\"2009-11-15T13:33:11+00:00\",\"dateModified\":\"2016-10-01T22:08:21+00:00\",\"mainEntityOfPage\":{\"@id\":\"https:\\\/\\\/actiongroup.com.ar\\\/la-fabula-de-la-hormiga\\\/\"},\"wordCount\":721,\"commentCount\":0,\"publisher\":{\"@id\":\"https:\\\/\\\/actiongroup.com.ar\\\/#organization\"},\"image\":{\"@id\":\"https:\\\/\\\/actiongroup.com.ar\\\/la-fabula-de-la-hormiga\\\/#primaryimage\"},\"thumbnailUrl\":\"https:\\\/\\\/actiongroup.com.ar\\\/wp-content\\\/uploads\\\/2011\\\/02\\\/hotmiga_grande.jpg\",\"articleSection\":[\"Desarrollo Integral del \u00c1rea de Recursos Humanos\"],\"inLanguage\":\"es-AR\",\"potentialAction\":[{\"@type\":\"CommentAction\",\"name\":\"Comment\",\"target\":[\"https:\\\/\\\/actiongroup.com.ar\\\/la-fabula-de-la-hormiga\\\/#respond\"]}]},{\"@type\":\"WebPage\",\"@id\":\"https:\\\/\\\/actiongroup.com.ar\\\/la-fabula-de-la-hormiga\\\/\",\"url\":\"https:\\\/\\\/actiongroup.com.ar\\\/la-fabula-de-la-hormiga\\\/\",\"name\":\"La f\u00e1bula de la hormiga - Action Group, Education &amp; Consulting\",\"isPartOf\":{\"@id\":\"https:\\\/\\\/actiongroup.com.ar\\\/#website\"},\"primaryImageOfPage\":{\"@id\":\"https:\\\/\\\/actiongroup.com.ar\\\/la-fabula-de-la-hormiga\\\/#primaryimage\"},\"image\":{\"@id\":\"https:\\\/\\\/actiongroup.com.ar\\\/la-fabula-de-la-hormiga\\\/#primaryimage\"},\"thumbnailUrl\":\"https:\\\/\\\/actiongroup.com.ar\\\/wp-content\\\/uploads\\\/2011\\\/02\\\/hotmiga_grande.jpg\",\"datePublished\":\"2009-11-15T13:33:11+00:00\",\"dateModified\":\"2016-10-01T22:08:21+00:00\",\"description\":\"Cada d\u00eda, una peque\u00f1a hormiga llegaba al trabajo muy temprano, y sin p\u00e9rdida de tiempo comenzaba sus tareas. Era sumamente productiva y se la ve\u00eda muy\",\"breadcrumb\":{\"@id\":\"https:\\\/\\\/actiongroup.com.ar\\\/la-fabula-de-la-hormiga\\\/#breadcrumb\"},\"inLanguage\":\"es-AR\",\"potentialAction\":[{\"@type\":\"ReadAction\",\"target\":[\"https:\\\/\\\/actiongroup.com.ar\\\/la-fabula-de-la-hormiga\\\/\"]}]},{\"@type\":\"ImageObject\",\"inLanguage\":\"es-AR\",\"@id\":\"https:\\\/\\\/actiongroup.com.ar\\\/la-fabula-de-la-hormiga\\\/#primaryimage\",\"url\":\"https:\\\/\\\/actiongroup.com.ar\\\/wp-content\\\/uploads\\\/2011\\\/02\\\/hotmiga_grande.jpg\",\"contentUrl\":\"https:\\\/\\\/actiongroup.com.ar\\\/wp-content\\\/uploads\\\/2011\\\/02\\\/hotmiga_grande.jpg\",\"width\":230,\"height\":275},{\"@type\":\"BreadcrumbList\",\"@id\":\"https:\\\/\\\/actiongroup.com.ar\\\/la-fabula-de-la-hormiga\\\/#breadcrumb\",\"itemListElement\":[{\"@type\":\"ListItem\",\"position\":1,\"name\":\"Home\",\"item\":\"https:\\\/\\\/actiongroup.com.ar\\\/\"},{\"@type\":\"ListItem\",\"position\":2,\"name\":\"La f\u00e1bula de la hormiga\"}]},{\"@type\":\"WebSite\",\"@id\":\"https:\\\/\\\/actiongroup.com.ar\\\/#website\",\"url\":\"https:\\\/\\\/actiongroup.com.ar\\\/\",\"name\":\"Action Group, Education &amp; Consulting\",\"description\":\"Desarrollo Organizacional, Excelencia Operacional, RRHH y Selecci\u00f3n\",\"publisher\":{\"@id\":\"https:\\\/\\\/actiongroup.com.ar\\\/#organization\"},\"potentialAction\":[{\"@type\":\"SearchAction\",\"target\":{\"@type\":\"EntryPoint\",\"urlTemplate\":\"https:\\\/\\\/actiongroup.com.ar\\\/?s={search_term_string}\"},\"query-input\":{\"@type\":\"PropertyValueSpecification\",\"valueRequired\":true,\"valueName\":\"search_term_string\"}}],\"inLanguage\":\"es-AR\"},{\"@type\":\"Organization\",\"@id\":\"https:\\\/\\\/actiongroup.com.ar\\\/#organization\",\"name\":\"Action Group, Education & Consulting\",\"url\":\"https:\\\/\\\/actiongroup.com.ar\\\/\",\"logo\":{\"@type\":\"ImageObject\",\"inLanguage\":\"es-AR\",\"@id\":\"https:\\\/\\\/actiongroup.com.ar\\\/#\\\/schema\\\/logo\\\/image\\\/\",\"url\":\"https:\\\/\\\/i1.wp.com\\\/www.actiongroup.com.ar\\\/wp-content\\\/uploads\\\/2016\\\/10\\\/logo.png?fit=342%2C69\",\"contentUrl\":\"https:\\\/\\\/i1.wp.com\\\/www.actiongroup.com.ar\\\/wp-content\\\/uploads\\\/2016\\\/10\\\/logo.png?fit=342%2C69\",\"width\":342,\"height\":69,\"caption\":\"Action Group, Education & Consulting\"},\"image\":{\"@id\":\"https:\\\/\\\/actiongroup.com.ar\\\/#\\\/schema\\\/logo\\\/image\\\/\"},\"sameAs\":[\"https:\\\/\\\/web.facebook.com\\\/ActionGroup\\\/?ref=ts&amp;amp;amp;fref=ts\",\"https:\\\/\\\/x.com\\\/actiongroup_ar\",\"https:\\\/\\\/ar.linkedin.com\\\/in\\\/ra\u00fal-a-perez-verzini-b5213b1\\\/es\"]},{\"@type\":\"Person\",\"@id\":\"https:\\\/\\\/actiongroup.com.ar\\\/#\\\/schema\\\/person\\\/f90ca7f4041396d195d0212a037f62ae\",\"name\":\"Lic. Viviana P. Liptzis\",\"image\":{\"@type\":\"ImageObject\",\"inLanguage\":\"es-AR\",\"@id\":\"https:\\\/\\\/secure.gravatar.com\\\/avatar\\\/46c90ed25131d6e30aaa27d9fceb53871cf06621aa63b306042da9300bbb2fe9?s=96&d=mm&r=g\",\"url\":\"https:\\\/\\\/secure.gravatar.com\\\/avatar\\\/46c90ed25131d6e30aaa27d9fceb53871cf06621aa63b306042da9300bbb2fe9?s=96&d=mm&r=g\",\"contentUrl\":\"https:\\\/\\\/secure.gravatar.com\\\/avatar\\\/46c90ed25131d6e30aaa27d9fceb53871cf06621aa63b306042da9300bbb2fe9?s=96&d=mm&r=g\",\"caption\":\"Lic. Viviana P. Liptzis\"},\"description\":\"Magister en Desarrollo y Comportamiento Organizacional por la Universidad Diego Portales de Santiago de Chile. Graduada en Psicolog\u00eda por la Universidad Nacional de C\u00f3rdoba. Estudi\u00f3 en Brasil y Chile. Su especialidad es la Psicolog\u00eda Organizacional. Director Consultor de Action Group, Education &amp; Consulting,\",\"sameAs\":[\"http:\\\/\\\/www.sermujerhoy.com\",\"http:\\\/\\\/ar.linkedin.com\\\/pub\\\/viviana-liptzis\\\/\"],\"url\":\"https:\\\/\\\/actiongroup.com.ar\\\/es\\\/author\\\/viviana\\\/\"}]}<\/script>\n<!-- \/ Yoast SEO plugin. -->","yoast_head_json":{"title":"La f\u00e1bula de la hormiga - Action Group, Education &amp; Consulting","description":"Cada d\u00eda, una peque\u00f1a hormiga llegaba al trabajo muy temprano, y sin p\u00e9rdida de tiempo comenzaba sus tareas. Era sumamente productiva y se la ve\u00eda muy","robots":{"index":"index","follow":"follow","max-snippet":"max-snippet:-1","max-image-preview":"max-image-preview:large","max-video-preview":"max-video-preview:-1"},"canonical":"https:\/\/actiongroup.com.ar\/es\/la-fabula-de-la-hormiga\/","og_locale":"es_ES","og_type":"article","og_title":"La f\u00e1bula de la hormiga - Action Group, Education &amp; Consulting","og_description":"Cada d\u00eda, una peque\u00f1a hormiga llegaba al trabajo muy temprano, y sin p\u00e9rdida de tiempo comenzaba sus tareas. Era sumamente productiva y se la ve\u00eda muy","og_url":"https:\/\/actiongroup.com.ar\/es\/la-fabula-de-la-hormiga\/","og_site_name":"Action Group, Education &amp; Consulting","article_publisher":"https:\/\/web.facebook.com\/ActionGroup\/?ref=ts&amp%3bamp%3bamp%3bfref=ts","article_published_time":"2009-11-15T13:33:11+00:00","article_modified_time":"2016-10-01T22:08:21+00:00","og_image":[{"width":230,"height":275,"url":"https:\/\/actiongroup.com.ar\/wp-content\/uploads\/2011\/02\/hotmiga_grande.jpg","type":"image\/jpeg"}],"author":"Lic. Viviana P. Liptzis","twitter_card":"summary_large_image","twitter_creator":"@actiongroup_ar","twitter_site":"@actiongroup_ar","twitter_misc":{"Escrito por":"Lic. Viviana P. Liptzis","Tiempo de lectura":"4 minutos"},"schema":{"@context":"https:\/\/schema.org","@graph":[{"@type":"Article","@id":"https:\/\/actiongroup.com.ar\/la-fabula-de-la-hormiga\/#article","isPartOf":{"@id":"https:\/\/actiongroup.com.ar\/la-fabula-de-la-hormiga\/"},"author":{"name":"Lic. Viviana P. Liptzis","@id":"https:\/\/actiongroup.com.ar\/#\/schema\/person\/f90ca7f4041396d195d0212a037f62ae"},"headline":"La f\u00e1bula de la hormiga","datePublished":"2009-11-15T13:33:11+00:00","dateModified":"2016-10-01T22:08:21+00:00","mainEntityOfPage":{"@id":"https:\/\/actiongroup.com.ar\/la-fabula-de-la-hormiga\/"},"wordCount":721,"commentCount":0,"publisher":{"@id":"https:\/\/actiongroup.com.ar\/#organization"},"image":{"@id":"https:\/\/actiongroup.com.ar\/la-fabula-de-la-hormiga\/#primaryimage"},"thumbnailUrl":"https:\/\/actiongroup.com.ar\/wp-content\/uploads\/2011\/02\/hotmiga_grande.jpg","articleSection":["Desarrollo Integral del \u00c1rea de Recursos Humanos"],"inLanguage":"es-AR","potentialAction":[{"@type":"CommentAction","name":"Comment","target":["https:\/\/actiongroup.com.ar\/la-fabula-de-la-hormiga\/#respond"]}]},{"@type":"WebPage","@id":"https:\/\/actiongroup.com.ar\/la-fabula-de-la-hormiga\/","url":"https:\/\/actiongroup.com.ar\/la-fabula-de-la-hormiga\/","name":"La f\u00e1bula de la hormiga - Action Group, Education &amp; Consulting","isPartOf":{"@id":"https:\/\/actiongroup.com.ar\/#website"},"primaryImageOfPage":{"@id":"https:\/\/actiongroup.com.ar\/la-fabula-de-la-hormiga\/#primaryimage"},"image":{"@id":"https:\/\/actiongroup.com.ar\/la-fabula-de-la-hormiga\/#primaryimage"},"thumbnailUrl":"https:\/\/actiongroup.com.ar\/wp-content\/uploads\/2011\/02\/hotmiga_grande.jpg","datePublished":"2009-11-15T13:33:11+00:00","dateModified":"2016-10-01T22:08:21+00:00","description":"Cada d\u00eda, una peque\u00f1a hormiga llegaba al trabajo muy temprano, y sin p\u00e9rdida de tiempo comenzaba sus tareas. Era sumamente productiva y se la ve\u00eda muy","breadcrumb":{"@id":"https:\/\/actiongroup.com.ar\/la-fabula-de-la-hormiga\/#breadcrumb"},"inLanguage":"es-AR","potentialAction":[{"@type":"ReadAction","target":["https:\/\/actiongroup.com.ar\/la-fabula-de-la-hormiga\/"]}]},{"@type":"ImageObject","inLanguage":"es-AR","@id":"https:\/\/actiongroup.com.ar\/la-fabula-de-la-hormiga\/#primaryimage","url":"https:\/\/actiongroup.com.ar\/wp-content\/uploads\/2011\/02\/hotmiga_grande.jpg","contentUrl":"https:\/\/actiongroup.com.ar\/wp-content\/uploads\/2011\/02\/hotmiga_grande.jpg","width":230,"height":275},{"@type":"BreadcrumbList","@id":"https:\/\/actiongroup.com.ar\/la-fabula-de-la-hormiga\/#breadcrumb","itemListElement":[{"@type":"ListItem","position":1,"name":"Home","item":"https:\/\/actiongroup.com.ar\/"},{"@type":"ListItem","position":2,"name":"La f\u00e1bula de la hormiga"}]},{"@type":"WebSite","@id":"https:\/\/actiongroup.com.ar\/#website","url":"https:\/\/actiongroup.com.ar\/","name":"Action Group, Education &amp; Consulting","description":"Desarrollo Organizacional, Excelencia Operacional, RRHH y Selecci\u00f3n","publisher":{"@id":"https:\/\/actiongroup.com.ar\/#organization"},"potentialAction":[{"@type":"SearchAction","target":{"@type":"EntryPoint","urlTemplate":"https:\/\/actiongroup.com.ar\/?s={search_term_string}"},"query-input":{"@type":"PropertyValueSpecification","valueRequired":true,"valueName":"search_term_string"}}],"inLanguage":"es-AR"},{"@type":"Organization","@id":"https:\/\/actiongroup.com.ar\/#organization","name":"Action Group, Education & Consulting","url":"https:\/\/actiongroup.com.ar\/","logo":{"@type":"ImageObject","inLanguage":"es-AR","@id":"https:\/\/actiongroup.com.ar\/#\/schema\/logo\/image\/","url":"https:\/\/i1.wp.com\/www.actiongroup.com.ar\/wp-content\/uploads\/2016\/10\/logo.png?fit=342%2C69","contentUrl":"https:\/\/i1.wp.com\/www.actiongroup.com.ar\/wp-content\/uploads\/2016\/10\/logo.png?fit=342%2C69","width":342,"height":69,"caption":"Action Group, Education & Consulting"},"image":{"@id":"https:\/\/actiongroup.com.ar\/#\/schema\/logo\/image\/"},"sameAs":["https:\/\/web.facebook.com\/ActionGroup\/?ref=ts&amp;amp;amp;fref=ts","https:\/\/x.com\/actiongroup_ar","https:\/\/ar.linkedin.com\/in\/ra\u00fal-a-perez-verzini-b5213b1\/es"]},{"@type":"Person","@id":"https:\/\/actiongroup.com.ar\/#\/schema\/person\/f90ca7f4041396d195d0212a037f62ae","name":"Lic. Viviana P. Liptzis","image":{"@type":"ImageObject","inLanguage":"es-AR","@id":"https:\/\/secure.gravatar.com\/avatar\/46c90ed25131d6e30aaa27d9fceb53871cf06621aa63b306042da9300bbb2fe9?s=96&d=mm&r=g","url":"https:\/\/secure.gravatar.com\/avatar\/46c90ed25131d6e30aaa27d9fceb53871cf06621aa63b306042da9300bbb2fe9?s=96&d=mm&r=g","contentUrl":"https:\/\/secure.gravatar.com\/avatar\/46c90ed25131d6e30aaa27d9fceb53871cf06621aa63b306042da9300bbb2fe9?s=96&d=mm&r=g","caption":"Lic. Viviana P. Liptzis"},"description":"Magister en Desarrollo y Comportamiento Organizacional por la Universidad Diego Portales de Santiago de Chile. Graduada en Psicolog\u00eda por la Universidad Nacional de C\u00f3rdoba. Estudi\u00f3 en Brasil y Chile. Su especialidad es la Psicolog\u00eda Organizacional. Director Consultor de Action Group, Education &amp; Consulting,","sameAs":["http:\/\/www.sermujerhoy.com","http:\/\/ar.linkedin.com\/pub\/viviana-liptzis\/"],"url":"https:\/\/actiongroup.com.ar\/es\/author\/viviana\/"}]}},"publishpress_future_action":{"enabled":false,"date":"2026-05-08 08:48:15","action":"change-status","newStatus":"draft","terms":[],"taxonomy":"category","extraData":[]},"publishpress_future_workflow_manual_trigger":{"enabledWorkflows":[]},"_links":{"self":[{"href":"https:\/\/actiongroup.com.ar\/es\/wp-json\/wp\/v2\/posts\/943","targetHints":{"allow":["GET"]}}],"collection":[{"href":"https:\/\/actiongroup.com.ar\/es\/wp-json\/wp\/v2\/posts"}],"about":[{"href":"https:\/\/actiongroup.com.ar\/es\/wp-json\/wp\/v2\/types\/post"}],"author":[{"embeddable":true,"href":"https:\/\/actiongroup.com.ar\/es\/wp-json\/wp\/v2\/users\/3"}],"replies":[{"embeddable":true,"href":"https:\/\/actiongroup.com.ar\/es\/wp-json\/wp\/v2\/comments?post=943"}],"version-history":[{"count":1,"href":"https:\/\/actiongroup.com.ar\/es\/wp-json\/wp\/v2\/posts\/943\/revisions"}],"predecessor-version":[{"id":2980,"href":"https:\/\/actiongroup.com.ar\/es\/wp-json\/wp\/v2\/posts\/943\/revisions\/2980"}],"wp:featuredmedia":[{"embeddable":true,"href":"https:\/\/actiongroup.com.ar\/es\/wp-json\/wp\/v2\/media\/944"}],"wp:attachment":[{"href":"https:\/\/actiongroup.com.ar\/es\/wp-json\/wp\/v2\/media?parent=943"}],"wp:term":[{"taxonomy":"category","embeddable":true,"href":"https:\/\/actiongroup.com.ar\/es\/wp-json\/wp\/v2\/categories?post=943"},{"taxonomy":"post_tag","embeddable":true,"href":"https:\/\/actiongroup.com.ar\/es\/wp-json\/wp\/v2\/tags?post=943"}],"curies":[{"name":"wp","href":"https:\/\/api.w.org\/{rel}","templated":true}]}}